{"id":40220,"date":"2022-04-20T22:19:27","date_gmt":"2022-04-21T03:19:27","guid":{"rendered":"http:\/\/www.zonaroja.com.mx\/?p=40220"},"modified":"2022-04-20T22:19:28","modified_gmt":"2022-04-21T03:19:28","slug":"identifican-a-agresores-de-mujer-en-oaxaca-son-de-organizacion-sol-rojo","status":"publish","type":"post","link":"https:\/\/zonaroja.com.mx\/?p=40220","title":{"rendered":"Identifican a agresores de mujer en Oaxaca; son de organizaci\u00f3n \u201cSol Rojo\u201d"},"content":{"rendered":"\n<p>Redacci\u00f3n\/Zona Roja.<\/p>\n\n\n\n<p>Oaxaca de Ju\u00e1rez, Oax., 20 de abril de 2022.- Por defender un inmueble para que no fuera vandalizado, una joven mujer fue tirada al suelo y agredida con palos, pu\u00f1os y puntapi\u00e9s, durante una marcha de organizaciones sociales, la tarde de este mi\u00e9rcoles en la ciudad de Oaxaca.<\/p>\n\n\n\n<p>La movilizaci\u00f3n, en la que particip\u00f3 tambi\u00e9n una representaci\u00f3n de la Secci\u00f3n 22 del SNTE, parti\u00f3 del llamado hotel del magisterio, en el barrio del Ex Marquesado de la capital.<\/p>\n\n\n\n<p>A la altura de la avenida Independencia, a una cuadra de la sede del ayuntamiento y del cuartel de la polic\u00eda municipal, una joven confront\u00f3 a los manifestantes para que no vandalizaran un inmueble, cerca tambi\u00e9n de la Bas\u00edlica de la Soledad.<\/p>\n\n\n\n<p>Sin embargo, de inmediato fue agredida por una turba, tirada al suelo, pateada y golpeada con palos y pu\u00f1os. Param\u00e9dicos De la Cruz Roja Mexicana la atendieron y trasladaron a un hospital.<\/p>\n\n\n\n<p>A trav\u00e9s de las redes sociales, los atacantes fueron identificados como miembros de la organizaci\u00f3n \u201cSol Rojo\u201d, que preside Yolanda Ruiz; uno de los agresores habr\u00eda sido Javier Aluz Mancera.<\/p>\n\n\n\n<p>Ning\u00fan elemento policiaco del gobierno que encabeza Francisco Mart\u00ednez Neri estuvo cerca para impedir el ataque. Tras ello, los manifestantes continuaron su marcha hasta el z\u00f3calo de la capital.<\/p>\n\n\n\n<p>Hasta esta noche, ninguna instituci\u00f3n p\u00fablica estatal o municipal se ha pronunciado al respecto, como tampoco ninguna organizaci\u00f3n civil.<\/p>\n\n\n\n<figure class=\"wp-block-embed is-type-rich is-provider-twitter wp-block-embed-twitter\"><div class=\"wp-block-embed__wrapper\">\n<div class=\"twitter-tweet\"><blockquote class=\"twitter-tweet\" data-lang=\"es\"><p lang=\"es\" dir=\"ltr\"><a href=\"https:\/\/twitter.com\/hashtag\/%C3%9AltimoMinuto?src=hash&amp;ref_src=twsrc%5Etfw\">#\u00daltimoMinuto<\/a><br>Durante la marcha del magisterio de la Secci\u00f3n 22 y organizaciones sociales, golpearon a una mujer que se opon\u00eda a que vandalizaran barda de su inmueble. <br>El hecho en avenida Independencia de la ciudad de <a href=\"https:\/\/twitter.com\/hashtag\/Oaxaca?src=hash&amp;ref_src=twsrc%5Etfw\">#Oaxaca<\/a>, sin que intervinieran polic\u00edas del <a href=\"https:\/\/twitter.com\/MunicipioOaxaca?ref_src=twsrc%5Etfw\">@MunicipioOaxaca<\/a>. <a href=\"https:\/\/t.co\/edkXmV4qeK\">pic.twitter.com\/edkXmV4qeK<\/a><\/p>&mdash; Zona Roja Oaxaca (@ZonaRoja_Oaxaca) <a href=\"https:\/\/twitter.com\/ZonaRoja_Oaxaca\/status\/1516910423517315073?ref_src=twsrc%5Etfw\">20 de abril de 2022<\/a><\/blockquote><\/div>\n<\/div><\/figure>\n","protected":false},"excerpt":{"rendered":"<p>Redacci\u00f3n\/Zona Roja. Oaxaca de Ju\u00e1rez, Oax., 20 de abril de 2022.- Por defender un inmueble&hellip;<\/p>\n","protected":false},"author":2,"featured_media":40221,"comment_status":"closed","ping_status":"open","sticky":false,"template":"","format":"standard","meta":{"_lmt_disableupdate":"","_lmt_disable":"","_jetpack_memberships_contains_paid_content":false,"footnotes":""},"categories":[109,47],"tags":[],"class_list":["post-40220","post","type-post","status-publish","format-standard","has-post-thumbnail","hentry","category-minuto-a-minuto","category-zona-gris"],"jetpack_featured_media_url":"https:\/\/zonaroja.com.mx\/wp-content\/uploads\/2022\/04\/Mujer-agredida-Sol-Rojo.jpg","jetpack_sharing_enabled":true,"_links":{"self":[{"href":"https:\/\/zonaroja.com.mx\/index.php?rest_route=\/wp\/v2\/posts\/40220","targetHints":{"allow":["GET"]}}],"collection":[{"href":"https:\/\/zonaroja.com.mx\/index.php?rest_route=\/wp\/v2\/posts"}],"about":[{"href":"https:\/\/zonaroja.com.mx\/index.php?rest_route=\/wp\/v2\/types\/post"}],"author":[{"embeddable":true,"href":"https:\/\/zonaroja.com.mx\/index.php?rest_route=\/wp\/v2\/users\/2"}],"replies":[{"embeddable":true,"href":"https:\/\/zonaroja.com.mx\/index.php?rest_route=%2Fwp%2Fv2%2Fcomments&post=40220"}],"version-history":[{"count":1,"href":"https:\/\/zonaroja.com.mx\/index.php?rest_route=\/wp\/v2\/posts\/40220\/revisions"}],"predecessor-version":[{"id":40222,"href":"https:\/\/zonaroja.com.mx\/index.php?rest_route=\/wp\/v2\/posts\/40220\/revisions\/40222"}],"wp:featuredmedia":[{"embeddable":true,"href":"https:\/\/zonaroja.com.mx\/index.php?rest_route=\/wp\/v2\/media\/40221"}],"wp:attachment":[{"href":"https:\/\/zonaroja.com.mx\/index.php?rest_route=%2Fwp%2Fv2%2Fmedia&parent=40220"}],"wp:term":[{"taxonomy":"category","embeddable":true,"href":"https:\/\/zonaroja.com.mx\/index.php?rest_route=%2Fwp%2Fv2%2Fcategories&post=40220"},{"taxonomy":"post_tag","embeddable":true,"href":"https:\/\/zonaroja.com.mx\/index.php?rest_route=%2Fwp%2Fv2%2Ftags&post=40220"}],"curies":[{"name":"wp","href":"https:\/\/api.w.org\/{rel}","templated":true}]}}