{"id":40229,"date":"2022-04-21T10:38:00","date_gmt":"2022-04-21T15:38:00","guid":{"rendered":"http:\/\/www.zonaroja.com.mx\/?p=40229"},"modified":"2022-04-21T06:41:12","modified_gmt":"2022-04-21T11:41:12","slug":"piden-retirar-planton-de-triquis-en-avenida-juarez-es-inseguro-e-insalubre","status":"publish","type":"post","link":"https:\/\/zonaroja.com.mx\/?p=40229","title":{"rendered":"Piden retirar plant\u00f3n de triquis en avenida Ju\u00e1rez; es inseguro e insalubre"},"content":{"rendered":"\n<p>Redacci\u00f3n\/Zona Roja Cdmx.<\/p>\n\n\n\n<p>Ciudad de M\u00e9xico, 21 de abril de 2022.- La Secretar\u00eda de Gobierno de la Ciudad de M\u00e9xico hizo un llamado a los integrantes del plant\u00f3n triqui ubicado en avenida Ju\u00e1rez a retirarse y buscar de forma conjunta con el Gobierno capitalino un espacio alternativo que garantice el pleno desarrollo de las ni\u00f1as y los ni\u00f1os que ah\u00ed se encuentran.<\/p>\n\n\n\n<p>Esto al asegurar que el campamento instalado a m\u00e1s de un a\u00f1o tres meses, se ha convertido en un lugar inseguro e insalubre para los menores de edad, por lo que se considera pertinente su traslado a otro lugar.<\/p>\n\n\n\n<p>La dependencia capitalina coment\u00f3 que esta acci\u00f3n responde a la solicitud enviada por la Comisi\u00f3n de Derechos Humanos de la Ciudad de M\u00e9xico, en la que pide Mart\u00ed Batres, tomar las medidas adecuadas en coordinaci\u00f3n con las instituciones que se consideren necesarias, para garantizar el inter\u00e9s superior de los menores que se encuentran en el lugar.<\/p>\n\n\n\n<p>Por ello, el titular de la Secgob, Mart\u00ed Batres, \u201cal considerar que este espacio no es y no cuenta con las m\u00ednimas condiciones para habitar, reitera el llamado para que todas las personas de este plant\u00f3n se trasladen a un sitio que garantice su seguridad, con el fin de evitar da\u00f1os irreparables y garantizar los derechos fundamentales de las ni\u00f1as, ni\u00f1os y adolescentes\u201d, informan en un comunicado.<\/p>\n\n\n\n<p>Finalmente se\u00f1alaron que recientemente la Secretar\u00eda de Gobierno proporcion\u00f3 apoyo a una manifestante triqui para la atenci\u00f3n de su parto.<\/p>\n\n\n\n<p>(Informaci\u00f3n de \u201cExc\u00e9lsior\u201d)<\/p>\n","protected":false},"excerpt":{"rendered":"<p>Redacci\u00f3n\/Zona Roja Cdmx. Ciudad de M\u00e9xico, 21 de abril de 2022.- La Secretar\u00eda de Gobierno&hellip;<\/p>\n","protected":false},"author":2,"featured_media":25378,"comment_status":"closed","ping_status":"open","sticky":false,"template":"","format":"standard","meta":{"_lmt_disableupdate":"","_lmt_disable":"","_jetpack_memberships_contains_paid_content":false,"footnotes":""},"categories":[109,46],"tags":[2411],"class_list":["post-40229","post","type-post","status-publish","format-standard","has-post-thumbnail","hentry","category-minuto-a-minuto","category-zona-blanca","tag-movimiento-de-unificacion-y-lucha-triqui-independiente-multi"],"jetpack_featured_media_url":"https:\/\/zonaroja.com.mx\/wp-content\/uploads\/2021\/03\/Triquis-Copala-Ciudad-de-Mexico.jpeg","jetpack_sharing_enabled":true,"_links":{"self":[{"href":"https:\/\/zonaroja.com.mx\/index.php?rest_route=\/wp\/v2\/posts\/40229","targetHints":{"allow":["GET"]}}],"collection":[{"href":"https:\/\/zonaroja.com.mx\/index.php?rest_route=\/wp\/v2\/posts"}],"about":[{"href":"https:\/\/zonaroja.com.mx\/index.php?rest_route=\/wp\/v2\/types\/post"}],"author":[{"embeddable":true,"href":"https:\/\/zonaroja.com.mx\/index.php?rest_route=\/wp\/v2\/users\/2"}],"replies":[{"embeddable":true,"href":"https:\/\/zonaroja.com.mx\/index.php?rest_route=%2Fwp%2Fv2%2Fcomments&post=40229"}],"version-history":[{"count":1,"href":"https:\/\/zonaroja.com.mx\/index.php?rest_route=\/wp\/v2\/posts\/40229\/revisions"}],"predecessor-version":[{"id":40230,"href":"https:\/\/zonaroja.com.mx\/index.php?rest_route=\/wp\/v2\/posts\/40229\/revisions\/40230"}],"wp:featuredmedia":[{"embeddable":true,"href":"https:\/\/zonaroja.com.mx\/index.php?rest_route=\/wp\/v2\/media\/25378"}],"wp:attachment":[{"href":"https:\/\/zonaroja.com.mx\/index.php?rest_route=%2Fwp%2Fv2%2Fmedia&parent=40229"}],"wp:term":[{"taxonomy":"category","embeddable":true,"href":"https:\/\/zonaroja.com.mx\/index.php?rest_route=%2Fwp%2Fv2%2Fcategories&post=40229"},{"taxonomy":"post_tag","embeddable":true,"href":"https:\/\/zonaroja.com.mx\/index.php?rest_route=%2Fwp%2Fv2%2Ftags&post=40229"}],"curies":[{"name":"wp","href":"https:\/\/api.w.org\/{rel}","templated":true}]}}