{"id":4023,"date":"2019-09-16T19:16:47","date_gmt":"2019-09-17T00:16:47","guid":{"rendered":"http:\/\/www.zonaroja.com.mx\/?p=4023"},"modified":"2019-09-16T19:16:49","modified_gmt":"2019-09-17T00:16:49","slug":"multiplican-cateos-en-domicilios-de-la-region-valles-centrales-de-oaxaca","status":"publish","type":"post","link":"https:\/\/zonaroja.com.mx\/?p=4023","title":{"rendered":"Multiplican cateos en domicilios de la regi\u00f3n Valles Centrales de Oaxaca"},"content":{"rendered":"\n<p>Redacci\u00f3n\/Zona\nRoja.<\/p>\n\n\n\n<p>Oaxaca de\nJu\u00e1rez, Oax., 16 de septiembre de 2019.- Al menos cuatro operativos de cateo realizaron\nen los \u00faltimos d\u00edas elementos de la Polic\u00eda Estatal, de la Agencia Estatal de\nInvestigaciones y de la Guardia Nacional, en domicilios y una bodega de\nlocalidades de la regi\u00f3n Valles Centrales de Oaxaca.<\/p>\n\n\n\n<p>Seg\u00fan\ninform\u00f3 la Fiscal\u00eda General del Estado, ayer en un cateo en una bodega ubicada\nen la colonia Ejidal, San Jacinto Amilpas, donde localiz\u00f3 a la unidad de motor\ncon mercanc\u00eda, adem\u00e1s de detener a cuatro personas del sexo masculino.<\/p>\n\n\n\n<p>De acuerdo con la Carpeta de Investigaci\u00f3n 31369\/FEMIX\/NOCHIXTLAN\/2019, el pasado 5 de septiembre de 2019, se report\u00f3 el robo de un cami\u00f3n de la empresa \u201cFerretera Central\u201d, sobre la autopista 135-D Tehuac\u00e1n-Oaxaca, en jurisdicci\u00f3n de San Juan Bautista Coixtlahuaca.<\/p>\n\n\n\n<figure class=\"wp-block-image\"><img decoding=\"async\" width=\"1024\" height=\"768\" src=\"http:\/\/www.zonaroja.com.mx\/wp-content\/uploads\/2019\/09\/10-1024x768.jpg\" alt=\"\" class=\"wp-image-4028\" srcset=\"https:\/\/zonaroja.com.mx\/wp-content\/uploads\/2019\/09\/10-1024x768.jpg 1024w, https:\/\/zonaroja.com.mx\/wp-content\/uploads\/2019\/09\/10-300x225.jpg 300w, https:\/\/zonaroja.com.mx\/wp-content\/uploads\/2019\/09\/10-768x576.jpg 768w, https:\/\/zonaroja.com.mx\/wp-content\/uploads\/2019\/09\/10-585x439.jpg 585w, https:\/\/zonaroja.com.mx\/wp-content\/uploads\/2019\/09\/10.jpg 1152w\" sizes=\"(max-width: 1024px) 100vw, 1024px\" \/><\/figure>\n\n\n\n<p>Por estos\nhechos, inici\u00f3 con la investigaci\u00f3n correspondiente, logrado la localizaci\u00f3n de\nla unidad de motor a trav\u00e9s del sistema de georreferenciaci\u00f3n con que contaba\ndicho cami\u00f3n, ubic\u00e1ndolo sobre la calle Justo Cierra 104, colonia Ejidal.<\/p>\n\n\n\n<p>El 13 de\nseptiembre, la Fiscal\u00eda obtuvo la autorizaci\u00f3n judicial para ingresar a dicho\nlugar y verificar la existencia la mercanc\u00eda robada, cuyo cateo se llev\u00f3 a cabo\nel pasado 14 de septiembre por parte de la Agencia Estatal de Investigaciones y\nagentes del Ministerio P\u00fablico.<\/p>\n\n\n\n<p>Se\naseguraron m\u00e1s de mil 200 pares de zapatos; m\u00e1s de un mill\u00f3n de jeringas con\ninsulina; 705 mil jeringas; 68 galones de anticongelante; 34 piezas de\ngimnasio; 13 rollo de manguera; nueve cajas de conectores flexibles para gas;\nseis cajas de silic\u00f3n; tres cajas de v\u00e1lvulas de esferas; una antena digital;\n17 botes de anticongelante; cinco cajas de anticongelante; 45 cajas de\ngalletas; 90 paquetes de arroz; 84 cajas de sopas y 19 cajas de libretas, entre\notros productos.<\/p>\n\n\n\n<p>Asimismo, detuvo\na dos personas del sexo masculino, as\u00ed como a dos m\u00e1s que se encontraban\ncomprando en ese momento objetos de la bodega, los cuales fueron presentados\nante la autoridad correspondiente.<\/p>\n\n\n\n<p>EN EL TULE<\/p>\n\n\n\n<figure class=\"wp-block-image\"><img decoding=\"async\" width=\"1024\" height=\"682\" src=\"http:\/\/www.zonaroja.com.mx\/wp-content\/uploads\/2019\/09\/4-1024x682.jpg\" alt=\"\" class=\"wp-image-4025\" srcset=\"https:\/\/zonaroja.com.mx\/wp-content\/uploads\/2019\/09\/4-1024x682.jpg 1024w, https:\/\/zonaroja.com.mx\/wp-content\/uploads\/2019\/09\/4-300x200.jpg 300w, https:\/\/zonaroja.com.mx\/wp-content\/uploads\/2019\/09\/4-768x512.jpg 768w, https:\/\/zonaroja.com.mx\/wp-content\/uploads\/2019\/09\/4-1170x780.jpg 1170w, https:\/\/zonaroja.com.mx\/wp-content\/uploads\/2019\/09\/4-585x390.jpg 585w, https:\/\/zonaroja.com.mx\/wp-content\/uploads\/2019\/09\/4-263x175.jpg 263w, https:\/\/zonaroja.com.mx\/wp-content\/uploads\/2019\/09\/4.jpg 1280w\" sizes=\"(max-width: 1024px) 100vw, 1024px\" \/><\/figure>\n\n\n\n<p>En un rancho\nubicado en Santa Mar\u00eda del Tule, asegur\u00f3 armas, drogas, una motocicleta y\ndetuvo a dos personas.<\/p>\n\n\n\n<p>El cateo fue\nderivado de una denuncia an\u00f3nima integrados en la Carpeta de Investigaci\u00f3n\n31830\/FDAI\/UECN\/2019, en la cual se solicit\u00f3 la orden ante el Juzgado de\nControl de Tanivet por los delitos de narcomenudeo, portaci\u00f3n de arma de fuego,\nprivaci\u00f3n ilegal de la libertad y robo espec\u00edfico.<\/p>\n\n\n\n<p>El operativo\nse realiz\u00f3 en el inmueble ubicado en camino antiguo a Rojas de Cuauht\u00e9moc, El\nTule, logrando asegurar armas de fuego; as\u00ed como 26 cartuchos nueve mm; seis\ncartuchos calibre .25 mil\u00edmetros; dos cargadores \u00fatiles para calibre nueve mil\u00edmetros;\ny un cargador \u00fatil para calibre .25 mil\u00edmetros.<\/p>\n\n\n\n<p>Dentro de\nlas armas aseguradas se encuentra una larga tipo AR-15; dos armas largas tipo\nescopetas; 39 cartuchos calibre 223; 45 cartuchos \u00fatiles calibre .380.<\/p>\n\n\n\n<p>Asimismo, se\naseguraron yerba seca con caracter\u00edsticas de la marihuana; envoltorios con\ndroga sint\u00e9tica com\u00fanmente conocida como cristal, as\u00ed como una motocicleta\nmarca Honda.<\/p>\n\n\n\n<p>De igual\nmanera, la Fiscal\u00eda logr\u00f3 la detenci\u00f3n de dos personas del sexo masculino\nidentificadas como M. S. M. y M. A. H. L., el primero de ellos originario del\nestado de Puebla y el segundo del estado de Veracruz, los cuales fueron\npresentados ante la Fiscal\u00eda General de la Rep\u00fablica.<\/p>\n\n\n\n<p>TAMBI\u00c9N EN ZIMATL\u00c1N<\/p>\n\n\n\n<figure class=\"wp-block-image\"><img decoding=\"async\" width=\"576\" height=\"1024\" src=\"http:\/\/www.zonaroja.com.mx\/wp-content\/uploads\/2019\/09\/11-576x1024.jpg\" alt=\"\" class=\"wp-image-4026\" srcset=\"https:\/\/zonaroja.com.mx\/wp-content\/uploads\/2019\/09\/11-576x1024.jpg 576w, https:\/\/zonaroja.com.mx\/wp-content\/uploads\/2019\/09\/11-169x300.jpg 169w, https:\/\/zonaroja.com.mx\/wp-content\/uploads\/2019\/09\/11.jpg 581w\" sizes=\"(max-width: 576px) 100vw, 576px\" \/><\/figure>\n\n\n\n<p>&nbsp;Otra revisi\u00f3n se efectu\u00f3 en un domicilio\nparticular ubicado en el municipio de Santa Cruz Mixtepec, distrito de\nZimatl\u00e1n, donde asegur\u00f3 armamento, drogas y detuvo a dos personas.<\/p>\n\n\n\n<p>De acuerdo\ncon la causa penal 131\/2019, la Fiscal\u00eda, a trav\u00e9s de la Agencia Estatal de\nInvestigaciones (AEI), realiz\u00f3 un cateo en un domicilio particular ubicado en\nel callej\u00f3n del Encanto S\/N, en la poblaci\u00f3n de Mixtepec.<\/p>\n\n\n\n<p>Dentro del\narmamento incautado se aseguraron dos armas largas tipo escopeta, calibre 16 y\n20; dos pistolas tipo rev\u00f3lver y tipo escuadra, ambas calibre 22; 20\ndetonadores inal\u00e1mbricos de explosivos de alto alcance y 70 cartuchos de\np\u00f3lvora negra de alta densidad.<\/p>\n\n\n\n<p>Adem\u00e1s, se\naseguraron tres gramos de hero\u00edna y 3.5 gramos de coca\u00edna base y dinero en\nefectivo. Asimismo, durante el cateo, los agentes estatales detuvieron a dos\npersonas: una mujer identificada como M. A. A., y un masculino, identificado\ncomo R. M. A., quienes fueron puestos de inmediato a disposici\u00f3n del Ministerio\nP\u00fablico.<\/p>\n\n\n\n<p>EN\nXOXOCOTL\u00c1N<\/p>\n\n\n\n<p>El pasado\nmi\u00e9rcoles 11 de septiembre, seg\u00fan inform\u00f3, se revis\u00f3 un domicilio en el paraje \u201cEl\nChapul\u00edn\u201d de Santa Cruz Xoxocotl\u00e1n, donde se hall\u00f3 aproximadamente 160\nkilogramos de yerba seca con las caracter\u00edsticas de la mariguana y se decomis\u00f3\nun veh\u00edculo de motor.<\/p>\n\n\n\n<p>De la misma manera, se detuvo a dos personas, una mujer y un menor de 16 a\u00f1os de edad.<\/p>\n\n\n\n<figure class=\"wp-block-image\"><img decoding=\"async\" width=\"720\" height=\"346\" src=\"http:\/\/www.zonaroja.com.mx\/wp-content\/uploads\/2019\/09\/8da3708f-cd92-4bd4-b0a9-27d7355ed111.jpg\" alt=\"\" class=\"wp-image-4027\" srcset=\"https:\/\/zonaroja.com.mx\/wp-content\/uploads\/2019\/09\/8da3708f-cd92-4bd4-b0a9-27d7355ed111.jpg 720w, https:\/\/zonaroja.com.mx\/wp-content\/uploads\/2019\/09\/8da3708f-cd92-4bd4-b0a9-27d7355ed111-300x144.jpg 300w, https:\/\/zonaroja.com.mx\/wp-content\/uploads\/2019\/09\/8da3708f-cd92-4bd4-b0a9-27d7355ed111-585x281.jpg 585w\" sizes=\"(max-width: 720px) 100vw, 720px\" \/><\/figure>\n","protected":false},"excerpt":{"rendered":"<p>Redacci\u00f3n\/Zona Roja. Oaxaca de Ju\u00e1rez, Oax., 16 de septiembre de 2019.- Al menos cuatro operativos&hellip;<\/p>\n","protected":false},"author":2,"featured_media":4024,"comment_status":"closed","ping_status":"open","sticky":false,"template":"","format":"standard","meta":{"_lmt_disableupdate":"","_lmt_disable":"","_jetpack_memberships_contains_paid_content":false,"footnotes":""},"categories":[109,51],"tags":[721,494],"class_list":["post-4023","post","type-post","status-publish","format-standard","has-post-thumbnail","hentry","category-minuto-a-minuto","category-zona-roja","tag-cateos-valles-centrales","tag-fiscalia-general-del-estado-de-oaxaca"],"jetpack_featured_media_url":"https:\/\/zonaroja.com.mx\/wp-content\/uploads\/2019\/09\/3.jpg","jetpack_sharing_enabled":true,"_links":{"self":[{"href":"https:\/\/zonaroja.com.mx\/index.php?rest_route=\/wp\/v2\/posts\/4023","targetHints":{"allow":["GET"]}}],"collection":[{"href":"https:\/\/zonaroja.com.mx\/index.php?rest_route=\/wp\/v2\/posts"}],"about":[{"href":"https:\/\/zonaroja.com.mx\/index.php?rest_route=\/wp\/v2\/types\/post"}],"author":[{"embeddable":true,"href":"https:\/\/zonaroja.com.mx\/index.php?rest_route=\/wp\/v2\/users\/2"}],"replies":[{"embeddable":true,"href":"https:\/\/zonaroja.com.mx\/index.php?rest_route=%2Fwp%2Fv2%2Fcomments&post=4023"}],"version-history":[{"count":1,"href":"https:\/\/zonaroja.com.mx\/index.php?rest_route=\/wp\/v2\/posts\/4023\/revisions"}],"predecessor-version":[{"id":4029,"href":"https:\/\/zonaroja.com.mx\/index.php?rest_route=\/wp\/v2\/posts\/4023\/revisions\/4029"}],"wp:featuredmedia":[{"embeddable":true,"href":"https:\/\/zonaroja.com.mx\/index.php?rest_route=\/wp\/v2\/media\/4024"}],"wp:attachment":[{"href":"https:\/\/zonaroja.com.mx\/index.php?rest_route=%2Fwp%2Fv2%2Fmedia&parent=4023"}],"wp:term":[{"taxonomy":"category","embeddable":true,"href":"https:\/\/zonaroja.com.mx\/index.php?rest_route=%2Fwp%2Fv2%2Fcategories&post=4023"},{"taxonomy":"post_tag","embeddable":true,"href":"https:\/\/zonaroja.com.mx\/index.php?rest_route=%2Fwp%2Fv2%2Ftags&post=4023"}],"curies":[{"name":"wp","href":"https:\/\/api.w.org\/{rel}","templated":true}]}}