{"id":40231,"date":"2022-04-21T08:41:00","date_gmt":"2022-04-21T13:41:00","guid":{"rendered":"http:\/\/www.zonaroja.com.mx\/?p=40231"},"modified":"2022-04-21T06:44:39","modified_gmt":"2022-04-21T11:44:39","slug":"incrementan-secuestros-en-oaxaca-y-a-nivel-nacional-en-marzo","status":"publish","type":"post","link":"https:\/\/zonaroja.com.mx\/?p=40231","title":{"rendered":"Incrementan secuestros en Oaxaca y a nivel nacional, en marzo"},"content":{"rendered":"\n<p>Yuridiana Sosa\/Zona Roja<\/p>\n\n\n\n<p>Oaxaca de Ju\u00e1rez, Oax., 21 de abril de 2022.- El panorama en materia de seguridad sigue turbio en Oaxaca, como a nivel nacional, donde el delito de secuestro presenta un alza importante durante marzo en comparaci\u00f3n a febrero de este a\u00f1o, de acuerdo a la Asociaci\u00f3n Alto al Secuestro.<\/p>\n\n\n\n<p>Oaxaca es la quinta entidad con m\u00e1s casos de secuestros registrados durante el tercer mes del a\u00f1o, con cinco casos, lo que representa tres hechos m\u00e1s que los ocurridos el mes anterior; posici\u00f3n que comparte con el estado de Guanajuato, con el mismo n\u00famero de este delito.<\/p>\n\n\n\n<p>El alza de secuestros coloc\u00f3 a Oaxaca entre las 14 entidades que registraron un incremento, mientras que en 12 estados bajaron y en seis se quedaron igual, inform\u00f3 la asociaci\u00f3n nacional de este mes.<\/p>\n\n\n\n<p>Datos de la ONG apuntaron que la cifra oficial para Oaxaca durante el sexenio de Andr\u00e9s Manuel L\u00f3pez Obrador, de diciembre de 2018 a marzo 2022, es de 104 casos.<\/p>\n\n\n\n<p>En esta ocasi\u00f3n, el reporte del Secretariado Ejecutivo del Sistema Nacional de Seguridad P\u00fablica (SESNSP) coincidi\u00f3 en la incidencia del secuestro en Oaxaca durante marzo, con cinco casos, con un total de 10 en el transcurso del primer trimestre, con dos hechos en enero y tres en febrero.<\/p>\n\n\n\n<p>CRISIS NACIONAL<\/p>\n\n\n\n<p>En M\u00e9xico ocurrieron 89 secuestros en marzo de este a\u00f1o, lo que representa un aumento del 5.9 por ciento en comparaci\u00f3n a febrero, as\u00ed como se presentaron 23.3 por ciento menos detenciones, inform\u00f3 la asociaci\u00f3n civil Alto al Secuestro.<\/p>\n\n\n\n<p>Los estados que m\u00e1s secuestros presentaron en esta ocasi\u00f3n son Estado de M\u00e9xico con 16 hechos; Veracruz, 13 y Chihuahua con siete.<\/p>\n\n\n\n<p>Aunque la cifra oficial del Gobierno de M\u00e9xico son 42 secuestros, indic\u00f3 la organizaci\u00f3n civil.<\/p>\n\n\n\n<p>De acuerdo con Alto al Secuestro, en lo que va de la administraci\u00f3n federal actual, entre diciembre de 2018 a marzo de 2022, han ocurrido cuatro mil 558 hechos con cinco mil 920 v\u00edctimas y cinco mil 150 detenidos. Es decir, en promedio cuatro secuestros al d\u00eda.<\/p>\n\n\n\n<p>Respecto al primer trimestre de 2021 en comparaci\u00f3n al primero de 2022 se present\u00f3 una disminuci\u00f3n del 5.3 por ciento, as\u00ed como una baja del 39.5 por ciento con relaci\u00f3n al mismo periodo de gobierno de Enrique Pe\u00f1a Nieto, pero un alza de hasta el 58 por ciento comparado con ese lapso de Felipe Calder\u00f3n.<\/p>\n","protected":false},"excerpt":{"rendered":"<p>Yuridiana Sosa\/Zona Roja Oaxaca de Ju\u00e1rez, Oax., 21 de abril de 2022.- El panorama en&hellip;<\/p>\n","protected":false},"author":2,"featured_media":7503,"comment_status":"closed","ping_status":"open","sticky":false,"template":"","format":"standard","meta":{"_lmt_disableupdate":"","_lmt_disable":"","_jetpack_memberships_contains_paid_content":false,"footnotes":""},"categories":[109,47],"tags":[2035],"class_list":["post-40231","post","type-post","status-publish","format-standard","has-post-thumbnail","hentry","category-minuto-a-minuto","category-zona-gris","tag-asociacion-alto-al-secuestro"],"jetpack_featured_media_url":"https:\/\/zonaroja.com.mx\/wp-content\/uploads\/2020\/01\/secuestrox.jpg","jetpack_sharing_enabled":true,"_links":{"self":[{"href":"https:\/\/zonaroja.com.mx\/index.php?rest_route=\/wp\/v2\/posts\/40231","targetHints":{"allow":["GET"]}}],"collection":[{"href":"https:\/\/zonaroja.com.mx\/index.php?rest_route=\/wp\/v2\/posts"}],"about":[{"href":"https:\/\/zonaroja.com.mx\/index.php?rest_route=\/wp\/v2\/types\/post"}],"author":[{"embeddable":true,"href":"https:\/\/zonaroja.com.mx\/index.php?rest_route=\/wp\/v2\/users\/2"}],"replies":[{"embeddable":true,"href":"https:\/\/zonaroja.com.mx\/index.php?rest_route=%2Fwp%2Fv2%2Fcomments&post=40231"}],"version-history":[{"count":1,"href":"https:\/\/zonaroja.com.mx\/index.php?rest_route=\/wp\/v2\/posts\/40231\/revisions"}],"predecessor-version":[{"id":40232,"href":"https:\/\/zonaroja.com.mx\/index.php?rest_route=\/wp\/v2\/posts\/40231\/revisions\/40232"}],"wp:featuredmedia":[{"embeddable":true,"href":"https:\/\/zonaroja.com.mx\/index.php?rest_route=\/wp\/v2\/media\/7503"}],"wp:attachment":[{"href":"https:\/\/zonaroja.com.mx\/index.php?rest_route=%2Fwp%2Fv2%2Fmedia&parent=40231"}],"wp:term":[{"taxonomy":"category","embeddable":true,"href":"https:\/\/zonaroja.com.mx\/index.php?rest_route=%2Fwp%2Fv2%2Fcategories&post=40231"},{"taxonomy":"post_tag","embeddable":true,"href":"https:\/\/zonaroja.com.mx\/index.php?rest_route=%2Fwp%2Fv2%2Ftags&post=40231"}],"curies":[{"name":"wp","href":"https:\/\/api.w.org\/{rel}","templated":true}]}}