{"id":40233,"date":"2022-04-21T10:45:00","date_gmt":"2022-04-21T15:45:00","guid":{"rendered":"http:\/\/www.zonaroja.com.mx\/?p=40233"},"modified":"2022-04-21T07:47:08","modified_gmt":"2022-04-21T12:47:08","slug":"opinion-reformar-la-ley-minera-mas-alla-de-la-pose","status":"publish","type":"post","link":"https:\/\/zonaroja.com.mx\/?p=40233","title":{"rendered":"Opini\u00f3n. Reformar la Ley Minera m\u00e1s all\u00e1 de la pose"},"content":{"rendered":"\n<p>Gibr\u00e1n Ram\u00edrez Reyes*<\/p>\n\n\n\n<p>Reiterar el dominio de la naci\u00f3n sobre el litio quiz\u00e1 responda a la presurosa necesidad de establecer un legado. Si C\u00e1rdenas nos leg\u00f3 el petr\u00f3leo y L\u00f3pez Mateos la electricidad, L\u00f3pez Obrador pretende legarnos, as\u00ed sea simb\u00f3licamente, el litio \u2014aunque el p\u00e1rrafo cuarto del art\u00edculo 27 de la Constituci\u00f3n ya garantice inequ\u00edvocamente el dominio nacional sobre \u00e9ste y otros minerales.&nbsp;<\/p>\n\n\n\n<p>El Presidente ha planteado hacerlo en la Ley Minera, que requiere profund\u00edsimas reformas m\u00e1s all\u00e1 de escenificar dicho legado. La Ley Minera es laxa para los empresarios y desventajosa para la gente.&nbsp;<\/p>\n\n\n\n<p>Buena parte de la riqueza creciente de Slim, Larrea, Salinas Pliego y Baill\u00e8res (D.E.P.), por ejemplo, proviene de la miner\u00eda socialmente irresponsable protegida por esta ley.&nbsp;<\/p>\n\n\n\n<p>Entre otras cosas, en ella, la miner\u00eda se considera como una actividad prioritaria, \u201cde utilidad p\u00fablica\u201d, preponderante, favoreciendo el despojo de tierras que las comunidades preferir\u00edan destinar a otros usos, como el cultivo o la recarga de acu\u00edferos. Asimismo, se permiten modelos de explotaci\u00f3n muy rentables, pero da\u00f1inos para el medio ambiente, como la miner\u00eda a cielo abierto; se fomenta la especulaci\u00f3n, pues las concesiones tienen una vigencia muy prolongada (de 25 a 50 a\u00f1os, prorrogables por 50 m\u00e1s) y los permisos de exploraci\u00f3n pueden ser utilizados para explotar, sin contar que a las minas no se les cobra el agua y la contaminan sin sanciones ni control o que pueden explorar y explotar en \u00e1reas naturales protegidas.&nbsp;<\/p>\n\n\n\n<p>El despojo, cabe anotar, no se realiza siempre por medios legales. Seg\u00fan el punto 21 del reciente Informe del Comit\u00e9 Contra la Desaparici\u00f3n Forzada de la ONU, las desapariciones en comunidades ind\u00edgenas \u201cocurren principalmente en el contexto de conflictos sociales y territoriales vinculados con el desarrollo de megaproyectos de \u00edndole minera o energ\u00e9tica o tras el despojo o acaparamiento de tierras para explotaci\u00f3n econ\u00f3mica por parte de grupos del crimen organizado\u201d.&nbsp;<\/p>\n\n\n\n<p>Salvando el hecho de que crimen organizado y mineras son a veces lo mismo o hacen simbiosis, hay una diferencia entre megaproyectos energ\u00e9ticos y mineros que vale la pena subrayar y en lo que habr\u00eda que igualarlos: en la ley de hidrocarburos y en la ley de la industria el\u00e9ctrica&nbsp;se incluye un cap\u00edtulo sobre el impacto social y, en \u00e9l, la obligaci\u00f3n de presentar evaluaciones de impacto social y hacer consultas a las comunidades afectadas, lo que no existe y debe incorporarse en la Ley Minera.&nbsp;<\/p>\n\n\n\n<p>En resumen y m\u00e1s all\u00e1 del litio: los oligarcas nacionales y las mineras extranjeras se enriquecen de la miner\u00eda pagando pocos impuestos, hay grupos armados que se financian de ella y pueblos sistem\u00e1ticamente despojados por ella. Un gobierno de izquierda, preocupado por los despose\u00eddos, los desaparecidos, la violencia depredadora de los territorios, considerar\u00eda, en una reforma a la Ley Minera, no solo posar el legado del litio, sino eliminar el car\u00e1cter de utilidad p\u00fablica de la miner\u00eda, revisar, limitar y revocar concesiones, establecer evaluaciones de impacto social y consultas previas a las comunidades, prohibir la miner\u00eda a cielo abierto y la explotaci\u00f3n en \u00e1reas naturales protegidas \u2014en fin, poner la vida por encima del dinero, solo para empezar.&nbsp;<\/p>\n\n\n\n<p>@gibranrr&nbsp;<\/p>\n","protected":false},"excerpt":{"rendered":"<p>Gibr\u00e1n Ram\u00edrez Reyes* Reiterar el dominio de la naci\u00f3n sobre el litio quiz\u00e1 responda a&hellip;<\/p>\n","protected":false},"author":2,"featured_media":24099,"comment_status":"closed","ping_status":"open","sticky":false,"template":"","format":"standard","meta":{"_lmt_disableupdate":"","_lmt_disable":"","_jetpack_memberships_contains_paid_content":false,"footnotes":""},"categories":[456,109],"tags":[2489],"class_list":["post-40233","post","type-post","status-publish","format-standard","has-post-thumbnail","hentry","category-columna","category-minuto-a-minuto","tag-gibran-ramirez-reyes"],"jetpack_featured_media_url":"https:\/\/zonaroja.com.mx\/wp-content\/uploads\/2021\/02\/Gibran-Ramirez-Reyes.jpg","jetpack_sharing_enabled":true,"_links":{"self":[{"href":"https:\/\/zonaroja.com.mx\/index.php?rest_route=\/wp\/v2\/posts\/40233","targetHints":{"allow":["GET"]}}],"collection":[{"href":"https:\/\/zonaroja.com.mx\/index.php?rest_route=\/wp\/v2\/posts"}],"about":[{"href":"https:\/\/zonaroja.com.mx\/index.php?rest_route=\/wp\/v2\/types\/post"}],"author":[{"embeddable":true,"href":"https:\/\/zonaroja.com.mx\/index.php?rest_route=\/wp\/v2\/users\/2"}],"replies":[{"embeddable":true,"href":"https:\/\/zonaroja.com.mx\/index.php?rest_route=%2Fwp%2Fv2%2Fcomments&post=40233"}],"version-history":[{"count":1,"href":"https:\/\/zonaroja.com.mx\/index.php?rest_route=\/wp\/v2\/posts\/40233\/revisions"}],"predecessor-version":[{"id":40234,"href":"https:\/\/zonaroja.com.mx\/index.php?rest_route=\/wp\/v2\/posts\/40233\/revisions\/40234"}],"wp:featuredmedia":[{"embeddable":true,"href":"https:\/\/zonaroja.com.mx\/index.php?rest_route=\/wp\/v2\/media\/24099"}],"wp:attachment":[{"href":"https:\/\/zonaroja.com.mx\/index.php?rest_route=%2Fwp%2Fv2%2Fmedia&parent=40233"}],"wp:term":[{"taxonomy":"category","embeddable":true,"href":"https:\/\/zonaroja.com.mx\/index.php?rest_route=%2Fwp%2Fv2%2Fcategories&post=40233"},{"taxonomy":"post_tag","embeddable":true,"href":"https:\/\/zonaroja.com.mx\/index.php?rest_route=%2Fwp%2Fv2%2Ftags&post=40233"}],"curies":[{"name":"wp","href":"https:\/\/api.w.org\/{rel}","templated":true}]}}