{"id":40272,"date":"2022-04-22T08:20:41","date_gmt":"2022-04-22T13:20:41","guid":{"rendered":"http:\/\/www.zonaroja.com.mx\/?p=40272"},"modified":"2022-04-22T08:20:43","modified_gmt":"2022-04-22T13:20:43","slug":"volcadura-de-autobus-deja-cinco-muertos-en-oaxaca","status":"publish","type":"post","link":"https:\/\/zonaroja.com.mx\/?p=40272","title":{"rendered":"Volcadura de autob\u00fas deja cinco muertos en Oaxaca"},"content":{"rendered":"\n<p>Redacci\u00f3n\/Zona Roja.<\/p>\n\n\n\n<p>Oaxaca de Ju\u00e1rez, Oax., 22 de abril de 2022.- Al menos cinco personas perdieron la vida la madrugada de hoy por la volcadura de un autob\u00fas, en la carretera local Santa Catarina Juquila-R\u00edo Grande, en la regi\u00f3n Costa de Oaxaca.<\/p>\n\n\n\n<p>De acuerdo con reportes preliminares, el percance ocurri\u00f3 aproximadamente en el kil\u00f3metro 34, a la altura del paraje \u201cLa Lagunilla\u201d, en que se hall\u00f3 un autob\u00fas de transporte de turistas, con placas de circulaci\u00f3n 52RA8 y n\u00famero econ\u00f3mico 374.<\/p>\n\n\n\n<p>Seg\u00fan informes de las autoridades de Juquila, que comanda Jos\u00e9 Luis Virgen P\u00e9rez, se trata de peregrinos del estado de Puebla, que hab\u00edan acudido al santuario de Juquila y se dirig\u00edan a Puerto Escondido.<\/p>\n\n\n\n<p>Viajaban entre 25 y 30 personas y a simple vista identificaron cinco cuerpos, algunos de ellos de menores de edad. Hasta el momento se desconoce a\u00fan el paradero del conductor del autob\u00fas y la forma en que ocurri\u00f3 el percance.<\/p>\n\n\n\n<p>Los lesionados fueron trasladados al hospital ubicado en Santa Catarina Juquila.<\/p>\n","protected":false},"excerpt":{"rendered":"<p>Redacci\u00f3n\/Zona Roja. Oaxaca de Ju\u00e1rez, Oax., 22 de abril de 2022.- Al menos cinco personas&hellip;<\/p>\n","protected":false},"author":2,"featured_media":40273,"comment_status":"closed","ping_status":"open","sticky":false,"template":"","format":"standard","meta":{"_lmt_disableupdate":"","_lmt_disable":"","_jetpack_memberships_contains_paid_content":false,"footnotes":""},"categories":[109,51],"tags":[545],"class_list":["post-40272","post","type-post","status-publish","format-standard","has-post-thumbnail","hentry","category-minuto-a-minuto","category-zona-roja","tag-santa-catarina-juquila"],"jetpack_featured_media_url":"https:\/\/zonaroja.com.mx\/wp-content\/uploads\/2022\/04\/Volcadura-Costa-Oaxaca.jpg","jetpack_sharing_enabled":true,"_links":{"self":[{"href":"https:\/\/zonaroja.com.mx\/index.php?rest_route=\/wp\/v2\/posts\/40272","targetHints":{"allow":["GET"]}}],"collection":[{"href":"https:\/\/zonaroja.com.mx\/index.php?rest_route=\/wp\/v2\/posts"}],"about":[{"href":"https:\/\/zonaroja.com.mx\/index.php?rest_route=\/wp\/v2\/types\/post"}],"author":[{"embeddable":true,"href":"https:\/\/zonaroja.com.mx\/index.php?rest_route=\/wp\/v2\/users\/2"}],"replies":[{"embeddable":true,"href":"https:\/\/zonaroja.com.mx\/index.php?rest_route=%2Fwp%2Fv2%2Fcomments&post=40272"}],"version-history":[{"count":1,"href":"https:\/\/zonaroja.com.mx\/index.php?rest_route=\/wp\/v2\/posts\/40272\/revisions"}],"predecessor-version":[{"id":40274,"href":"https:\/\/zonaroja.com.mx\/index.php?rest_route=\/wp\/v2\/posts\/40272\/revisions\/40274"}],"wp:featuredmedia":[{"embeddable":true,"href":"https:\/\/zonaroja.com.mx\/index.php?rest_route=\/wp\/v2\/media\/40273"}],"wp:attachment":[{"href":"https:\/\/zonaroja.com.mx\/index.php?rest_route=%2Fwp%2Fv2%2Fmedia&parent=40272"}],"wp:term":[{"taxonomy":"category","embeddable":true,"href":"https:\/\/zonaroja.com.mx\/index.php?rest_route=%2Fwp%2Fv2%2Fcategories&post=40272"},{"taxonomy":"post_tag","embeddable":true,"href":"https:\/\/zonaroja.com.mx\/index.php?rest_route=%2Fwp%2Fv2%2Ftags&post=40272"}],"curies":[{"name":"wp","href":"https:\/\/api.w.org\/{rel}","templated":true}]}}