{"id":40275,"date":"2022-04-22T08:26:37","date_gmt":"2022-04-22T13:26:37","guid":{"rendered":"http:\/\/www.zonaroja.com.mx\/?p=40275"},"modified":"2022-04-22T08:26:38","modified_gmt":"2022-04-22T13:26:38","slug":"invierten-323-7-mdp-en-centro-de-congresos-en-huatulco","status":"publish","type":"post","link":"https:\/\/zonaroja.com.mx\/?p=40275","title":{"rendered":"Invierten 323.7 mdp en centro de congresos en Huatulco"},"content":{"rendered":"\n<p>Redacci\u00f3n\/Zona Roja.<\/p>\n\n\n\n<p>Oaxaca de Ju\u00e1rez, Oax., 22 de abril de 2022.- Con una inversi\u00f3n de 323.7 millones de pesos, avanzan los trabajos de construcci\u00f3n de un centro de congresos en Santa Mar\u00eda Huatulco, en la regi\u00f3n Costa de Oaxaca.<\/p>\n\n\n\n<p>Esta obra, que avanza sin contratiempos para ser concluida antes de finalizar la administraci\u00f3n, est\u00e1 a cargo la Secretar\u00eda de las Infraestructuras y el Ordenamiento Territorial Sustentable (Sinfra) y la empresa GAMI, Ingenier\u00eda e Instalaciones S.A de C.V, y est\u00e1 llamada a ser el recinto de negocios m\u00e1s importante de esta zona del estado, capaz de atraer al sector tur\u00edstico de congresos y convenciones nacional e internacional, que impulsaran la econom\u00eda de esta regi\u00f3n.<\/p>\n\n\n\n<p>En gira de trabajo por la Costa oaxaque\u00f1a, el gobernador Alejandro Murat Hinojosa supervis\u00f3 los avances de los trabajos, que cuentan con m\u00e1s de 12 mil metros cuadrados de edificaci\u00f3n y m\u00e1s de cinco mil metros cuadrados de obra exterior.&nbsp;<\/p>\n\n\n\n<p>A la fecha se han concluido los trabajos de la cimentaci\u00f3n profunda, construyendo m\u00e1s de 650 columnas de grava de un metro de di\u00e1metro y se han iniciado los trabajos de construcci\u00f3n de la capa de transici\u00f3n terraplenada y de construcci\u00f3n del s\u00f3tano, donde se alojar\u00e1n las cisternas de agua potable y tratada, riego y protecci\u00f3n contra incendios, as\u00ed como facilidades como cuartos de m\u00e1quinas, de control, camerinos, sanitarios y oficinas.<\/p>\n","protected":false},"excerpt":{"rendered":"<p>Redacci\u00f3n\/Zona Roja. Oaxaca de Ju\u00e1rez, Oax., 22 de abril de 2022.- Con una inversi\u00f3n de&hellip;<\/p>\n","protected":false},"author":2,"featured_media":40276,"comment_status":"closed","ping_status":"open","sticky":false,"template":"","format":"standard","meta":{"_lmt_disableupdate":"","_lmt_disable":"","_jetpack_memberships_contains_paid_content":false,"footnotes":""},"categories":[109,46],"tags":[173],"class_list":["post-40275","post","type-post","status-publish","format-standard","has-post-thumbnail","hentry","category-minuto-a-minuto","category-zona-blanca","tag-alejandro-murat-hinojosa"],"jetpack_featured_media_url":"https:\/\/zonaroja.com.mx\/wp-content\/uploads\/2022\/04\/Obra-centro-de-convenciones-Huautulco.jpg","jetpack_sharing_enabled":true,"_links":{"self":[{"href":"https:\/\/zonaroja.com.mx\/index.php?rest_route=\/wp\/v2\/posts\/40275","targetHints":{"allow":["GET"]}}],"collection":[{"href":"https:\/\/zonaroja.com.mx\/index.php?rest_route=\/wp\/v2\/posts"}],"about":[{"href":"https:\/\/zonaroja.com.mx\/index.php?rest_route=\/wp\/v2\/types\/post"}],"author":[{"embeddable":true,"href":"https:\/\/zonaroja.com.mx\/index.php?rest_route=\/wp\/v2\/users\/2"}],"replies":[{"embeddable":true,"href":"https:\/\/zonaroja.com.mx\/index.php?rest_route=%2Fwp%2Fv2%2Fcomments&post=40275"}],"version-history":[{"count":1,"href":"https:\/\/zonaroja.com.mx\/index.php?rest_route=\/wp\/v2\/posts\/40275\/revisions"}],"predecessor-version":[{"id":40277,"href":"https:\/\/zonaroja.com.mx\/index.php?rest_route=\/wp\/v2\/posts\/40275\/revisions\/40277"}],"wp:featuredmedia":[{"embeddable":true,"href":"https:\/\/zonaroja.com.mx\/index.php?rest_route=\/wp\/v2\/media\/40276"}],"wp:attachment":[{"href":"https:\/\/zonaroja.com.mx\/index.php?rest_route=%2Fwp%2Fv2%2Fmedia&parent=40275"}],"wp:term":[{"taxonomy":"category","embeddable":true,"href":"https:\/\/zonaroja.com.mx\/index.php?rest_route=%2Fwp%2Fv2%2Fcategories&post=40275"},{"taxonomy":"post_tag","embeddable":true,"href":"https:\/\/zonaroja.com.mx\/index.php?rest_route=%2Fwp%2Fv2%2Ftags&post=40275"}],"curies":[{"name":"wp","href":"https:\/\/api.w.org\/{rel}","templated":true}]}}