{"id":40278,"date":"2022-04-22T08:29:06","date_gmt":"2022-04-22T13:29:06","guid":{"rendered":"http:\/\/www.zonaroja.com.mx\/?p=40278"},"modified":"2022-04-22T08:29:08","modified_gmt":"2022-04-22T13:29:08","slug":"nueve-decesos-saldo-fatal-del-covid-este-jueves-en-oaxaca","status":"publish","type":"post","link":"https:\/\/zonaroja.com.mx\/?p=40278","title":{"rendered":"Nueve decesos, saldo fatal del Covid este jueves en Oaxaca"},"content":{"rendered":"\n<p>Redacci\u00f3n\/Zona Roja.<\/p>\n\n\n\n<p>Oaxaca de Ju\u00e1rez,&nbsp;Oax., 22 de abril&nbsp;de 2022.-&nbsp;La red hospitalaria para la atenci\u00f3n de la pandemia por Covid-19 en la entidad, report\u00f3 este&nbsp;21 de abril una ocupaci\u00f3n del 8.1%,&nbsp;con mayor porcentaje en la zona de la Mixteca, donde se&nbsp;notific\u00f3&nbsp;el 32.3% de saturaci\u00f3n.<\/p>\n\n\n\n<p>En tanto, Valles&nbsp;Centrales y la Costa registraron&nbsp;8.1 y 5.6% de ocupaci\u00f3n, mientras que&nbsp;Tuxtepec y el Istmo con&nbsp;5.0% y 2.5% respectivamente, la Sierra se mantiene en 0%, informaron&nbsp;los Servicios de Salud de Oaxaca (SSO).<\/p>\n\n\n\n<p>El Sector Salud cuenta&nbsp;con 319&nbsp;camas disponibles,&nbsp;de un total de&nbsp;347,&nbsp;no obstante,&nbsp;esta&nbsp;dependencia&nbsp;hace&nbsp;nuevamente el llamado a la poblaci\u00f3n para reforzar los lineamientos preventivos y con ello, evitar rebrotes y un mayor porcentaje de personas que requieran internamiento por presentar complicaciones.<\/p>\n\n\n\n<p>En su informe diario, la&nbsp;instituci\u00f3n&nbsp;indic\u00f3 que&nbsp;en las \u00faltimas 24 horas no se notificaron&nbsp;ingresos&nbsp;nuevos hospitalarios; y hay&nbsp;cuatro&nbsp;nosocomios&nbsp;al&nbsp;100% de su capacidad.<\/p>\n\n\n\n<p>Al corte de este jueves, se&nbsp;identificaron&nbsp;43&nbsp;casos nuevos del&nbsp;SARS-CoV-2, que hacen un total de&nbsp;119 mil 736&nbsp;positivos a la enfermedad en la entidad,&nbsp;as\u00ed como nueve&nbsp;nuevos decesos para un global de seis mil 174&nbsp;muertes&nbsp;desde el inicio de la pandemia.<\/p>\n\n\n\n<p>La dependencia detall\u00f3 que se tiene un total de 209 mil 695&nbsp;personas con s\u00edntomas asociados a la patolog\u00eda, de los cuales&nbsp;84 mil 166&nbsp;son negativos,&nbsp;cinco mil 793&nbsp;sospechosos,&nbsp;113 mil 446 se han recuperado y hay 116&nbsp;casos activos distribuido en 26&nbsp;municipios.&nbsp;<\/p>\n\n\n\n<p>Se\u00f1al\u00f3 que,&nbsp;de los&nbsp;119 mil 736&nbsp;casos confirmados,&nbsp;73 mil 090&nbsp;corresponden a Valles Centrales con&nbsp;dos mil 684&nbsp;defunciones&nbsp;y&nbsp;27&nbsp;activos;&nbsp;Istmo con&nbsp;16 mil 704&nbsp;confirmados,&nbsp;mil 351&nbsp;decesos y&nbsp;20&nbsp;activos;&nbsp;Tuxtepec con&nbsp;nueve mil 058&nbsp;confirmados,&nbsp;623&nbsp;defunciones y&nbsp;57&nbsp;activos;&nbsp;Costa con&nbsp;ocho mil 314&nbsp;confirmados,&nbsp;527&nbsp;fallecimientos y&nbsp;seis&nbsp;activos;&nbsp;Mixteca con&nbsp;ocho mil 729&nbsp;confirmados,&nbsp;646&nbsp;muertes y&nbsp;tres&nbsp;activos;&nbsp;Sierra con&nbsp;tres mil 841&nbsp;confirmados,&nbsp;343&nbsp;decesos&nbsp;y&nbsp;tres&nbsp;activos.&nbsp;<\/p>\n\n\n\n<p>Respecto a&nbsp;los contagios m\u00e1s recientes, se trata&nbsp;de personas residentes de 18 municipios, principalmente en San Juan Bautista Tuxtepec, donde se reportaron 14&nbsp;casos, seguido de&nbsp;Ixtl\u00e1n de Ju\u00e1rez, Heroica Ciudad de Juchit\u00e1n de Zaragoza y Santiago Pinotepa Nacional con cuatro cada uno, el resto dos y una notificaci\u00f3n.<\/p>\n\n\n\n<p>La instituci\u00f3n exhort\u00f3 a la poblaci\u00f3n que,&nbsp;si presenta s\u00edntomas como fiebre, tos seca, dolor en la garganta, cabeza, as\u00ed como cansancio, p\u00e9rdida&nbsp;de olfato, del gusto y diarrea, deben&nbsp;acudir a la unidad m\u00e9dica m\u00e1s cercana aplicando las medidas sanitarias para un diagn\u00f3stico y tratamiento oportuno.<\/p>\n\n\n\n<p>Adem\u00e1s, pidi\u00f3 las y los oaxaque\u00f1os continuar&nbsp;con el uso correcto del cubrebocas, la sana distancia, lavado de manos con agua y jab\u00f3n, evitar lugares concurridos y poco ventilados, as\u00ed como completar el esquema de vacunaci\u00f3n contra el COVID-19.<\/p>\n","protected":false},"excerpt":{"rendered":"<p>Redacci\u00f3n\/Zona Roja. Oaxaca de Ju\u00e1rez,&nbsp;Oax., 22 de abril&nbsp;de 2022.-&nbsp;La red hospitalaria para la atenci\u00f3n de&hellip;<\/p>\n","protected":false},"author":2,"featured_media":40279,"comment_status":"closed","ping_status":"open","sticky":false,"template":"","format":"standard","meta":{"_lmt_disableupdate":"","_lmt_disable":"","_jetpack_memberships_contains_paid_content":false,"footnotes":""},"categories":[109,47],"tags":[1512],"class_list":["post-40278","post","type-post","status-publish","format-standard","has-post-thumbnail","hentry","category-minuto-a-minuto","category-zona-gris","tag-coronavirus-oaxaca"],"jetpack_featured_media_url":"https:\/\/zonaroja.com.mx\/wp-content\/uploads\/2022\/04\/Covid-21-de-abril.jpg","jetpack_sharing_enabled":true,"_links":{"self":[{"href":"https:\/\/zonaroja.com.mx\/index.php?rest_route=\/wp\/v2\/posts\/40278","targetHints":{"allow":["GET"]}}],"collection":[{"href":"https:\/\/zonaroja.com.mx\/index.php?rest_route=\/wp\/v2\/posts"}],"about":[{"href":"https:\/\/zonaroja.com.mx\/index.php?rest_route=\/wp\/v2\/types\/post"}],"author":[{"embeddable":true,"href":"https:\/\/zonaroja.com.mx\/index.php?rest_route=\/wp\/v2\/users\/2"}],"replies":[{"embeddable":true,"href":"https:\/\/zonaroja.com.mx\/index.php?rest_route=%2Fwp%2Fv2%2Fcomments&post=40278"}],"version-history":[{"count":1,"href":"https:\/\/zonaroja.com.mx\/index.php?rest_route=\/wp\/v2\/posts\/40278\/revisions"}],"predecessor-version":[{"id":40280,"href":"https:\/\/zonaroja.com.mx\/index.php?rest_route=\/wp\/v2\/posts\/40278\/revisions\/40280"}],"wp:featuredmedia":[{"embeddable":true,"href":"https:\/\/zonaroja.com.mx\/index.php?rest_route=\/wp\/v2\/media\/40279"}],"wp:attachment":[{"href":"https:\/\/zonaroja.com.mx\/index.php?rest_route=%2Fwp%2Fv2%2Fmedia&parent=40278"}],"wp:term":[{"taxonomy":"category","embeddable":true,"href":"https:\/\/zonaroja.com.mx\/index.php?rest_route=%2Fwp%2Fv2%2Fcategories&post=40278"},{"taxonomy":"post_tag","embeddable":true,"href":"https:\/\/zonaroja.com.mx\/index.php?rest_route=%2Fwp%2Fv2%2Ftags&post=40278"}],"curies":[{"name":"wp","href":"https:\/\/api.w.org\/{rel}","templated":true}]}}