{"id":40281,"date":"2022-04-22T08:35:13","date_gmt":"2022-04-22T13:35:13","guid":{"rendered":"http:\/\/www.zonaroja.com.mx\/?p=40281"},"modified":"2022-04-22T08:35:14","modified_gmt":"2022-04-22T13:35:14","slug":"oaxaquena-fue-secuestrada-y-llevada-al-edomex-la-rescata-la-fiscalia","status":"publish","type":"post","link":"https:\/\/zonaroja.com.mx\/?p=40281","title":{"rendered":"Oaxaque\u00f1a fue secuestrada y llevada al Edomex; la rescata la Fiscal\u00eda"},"content":{"rendered":"\n<p>Redacci\u00f3n\/Zona Roja.<\/p>\n\n\n\n<p>Oaxaca de Ju\u00e1rez, Oax., 22 de abril de 2022.- La Fiscal\u00eda General del Estado de Oaxaca (FGEO) localiz\u00f3 en el Estado de M\u00e9xico a la persona del sexo femenino identificada como G. G. A., caso acontecido en la Heroica Ciudad de Huajuapan de Le\u00f3n, por el cual se inici\u00f3 la carpeta de investigaci\u00f3n 13197\/FMIX\/HUAJUAPAN\/2022 por el delito de privaci\u00f3n ilegal de la libertad.<\/p>\n\n\n\n<p>El 16 de abril del a\u00f1o en curso, la ciudadana sali\u00f3 de su domicilio particular, ubicado en la Tercera Secci\u00f3n Fovissste de Huajuapan de Le\u00f3n.<\/p>\n\n\n\n<p>Posteriormente, familiares recibieron mensajes de texto en referencia a la liberaci\u00f3n de la v\u00edctima, lo que motiv\u00f3 a que acudieran ante la FGEO, realizando la denuncia correspondiente, por lo que la Instituci\u00f3n de procuraci\u00f3n de justicia intervino e inici\u00f3 la investigaci\u00f3n por el delito de privaci\u00f3n ilegal de la libertad.<\/p>\n\n\n\n<p>A trav\u00e9s de la Vicefiscal\u00eda Regional de la Mixteca y de la Unidad Especializada en Combate al Secuestro, se realiz\u00f3 una intervenci\u00f3n especializada correspondiente al manejo de crisis y negociaci\u00f3n respecto al probable caso privaci\u00f3n ilegal de la libertad de G. G. A., as\u00ed como entrevistas a familiares y conocidos.<\/p>\n\n\n\n<p>Asimismo, la FGEO solicit\u00f3 la colaboraci\u00f3n del Subcentro Regional (C2) de la Secretar\u00eda de Seguridad P\u00fablica de Oaxaca (SSPO) y el acceso a grabaciones de la terminal de autobuses ADO, a fin de robustecer la teor\u00eda del caso.<\/p>\n\n\n\n<p>A ra\u00edz de la exhaustiva investigaci\u00f3n, se determin\u00f3 que la mujer se encontraba en el municipio de Tlalnepantla de Baz, Estado de M\u00e9xico, lugar al que se traslad\u00f3 el personal especializado de la Fiscal\u00eda General, logrando asegurarla y restituirla con su familia en su lugar de origen.<\/p>\n\n\n\n<p>Y DEL EDOMEX EN OAXACA<\/p>\n\n\n\n<p>Por otra parte, la Fiscal\u00eda General del Estado de Oaxaca (FGEO) en colaboraci\u00f3n con la Fiscal\u00eda General de Justicia del Estado de M\u00e9xico, logr\u00f3 el aseguramiento de una menor de edad de identidad reservada por Ley, v\u00edctima del delito de privaci\u00f3n ilegal de la libertad, misma que fue hallada en jurisdicci\u00f3n de San Bartolom\u00e9 Ayautla, en el distrito de Teotitl\u00e1n.<\/p>\n\n\n\n<p>La Instituci\u00f3n de procuraci\u00f3n de justicia intervino en este caso tras recibir la solicitud de colaboraci\u00f3n de parte de la Fiscal\u00eda Especializada en Violencia Familiar, Sexual y de G\u00e9nero de Valle de Chalco de la Fiscal\u00eda del Estado de M\u00e9xico -con fecha 20 de abril del a\u00f1o en curso- referente a la b\u00fasqueda y localizaci\u00f3n de una menor de edad, informando que se encontraba en la localidad de Agua Neblina, perteneciente a San Bartolom\u00e9 Ayautla.<\/p>\n\n\n\n<p>De manera inmediata, la Vicefiscal\u00eda Regional de la Cuenca atrajo el caso, desplegando a elementos de la Agencia Estatal de Investigaciones (AEI), quienes en compa\u00f1\u00eda de personal del Sistema DIF de San Juan Bautista Tuxtepec y de la madre de la menor, se trasladaron a la referida localidad.<\/p>\n\n\n\n<p>La tarde del 20 de abril, personal de la FGEO arrib\u00f3 a un domicilio donde localizaron a la menor en compa\u00f1\u00eda de personas que no lograron acreditar su parentesco, siendo asegurada para garantizar su salvaguarda, adem\u00e1s de trasladarla a la Comandancia de G\u00e9nero de la Cuenca para posteriormente restituirla con su familia.<\/p>\n","protected":false},"excerpt":{"rendered":"<p>Redacci\u00f3n\/Zona Roja. Oaxaca de Ju\u00e1rez, Oax., 22 de abril de 2022.- La Fiscal\u00eda General del&hellip;<\/p>\n","protected":false},"author":2,"featured_media":40282,"comment_status":"closed","ping_status":"open","sticky":false,"template":"","format":"standard","meta":{"_lmt_disableupdate":"","_lmt_disable":"","_jetpack_memberships_contains_paid_content":false,"footnotes":""},"categories":[109,47],"tags":[494],"class_list":["post-40281","post","type-post","status-publish","format-standard","has-post-thumbnail","hentry","category-minuto-a-minuto","category-zona-gris","tag-fiscalia-general-del-estado-de-oaxaca"],"jetpack_featured_media_url":"https:\/\/zonaroja.com.mx\/wp-content\/uploads\/2022\/04\/Mujer-secuestrada-.jpeg","jetpack_sharing_enabled":true,"_links":{"self":[{"href":"https:\/\/zonaroja.com.mx\/index.php?rest_route=\/wp\/v2\/posts\/40281","targetHints":{"allow":["GET"]}}],"collection":[{"href":"https:\/\/zonaroja.com.mx\/index.php?rest_route=\/wp\/v2\/posts"}],"about":[{"href":"https:\/\/zonaroja.com.mx\/index.php?rest_route=\/wp\/v2\/types\/post"}],"author":[{"embeddable":true,"href":"https:\/\/zonaroja.com.mx\/index.php?rest_route=\/wp\/v2\/users\/2"}],"replies":[{"embeddable":true,"href":"https:\/\/zonaroja.com.mx\/index.php?rest_route=%2Fwp%2Fv2%2Fcomments&post=40281"}],"version-history":[{"count":1,"href":"https:\/\/zonaroja.com.mx\/index.php?rest_route=\/wp\/v2\/posts\/40281\/revisions"}],"predecessor-version":[{"id":40283,"href":"https:\/\/zonaroja.com.mx\/index.php?rest_route=\/wp\/v2\/posts\/40281\/revisions\/40283"}],"wp:featuredmedia":[{"embeddable":true,"href":"https:\/\/zonaroja.com.mx\/index.php?rest_route=\/wp\/v2\/media\/40282"}],"wp:attachment":[{"href":"https:\/\/zonaroja.com.mx\/index.php?rest_route=%2Fwp%2Fv2%2Fmedia&parent=40281"}],"wp:term":[{"taxonomy":"category","embeddable":true,"href":"https:\/\/zonaroja.com.mx\/index.php?rest_route=%2Fwp%2Fv2%2Fcategories&post=40281"},{"taxonomy":"post_tag","embeddable":true,"href":"https:\/\/zonaroja.com.mx\/index.php?rest_route=%2Fwp%2Fv2%2Ftags&post=40281"}],"curies":[{"name":"wp","href":"https:\/\/api.w.org\/{rel}","templated":true}]}}