{"id":40284,"date":"2022-04-22T15:09:05","date_gmt":"2022-04-22T20:09:05","guid":{"rendered":"http:\/\/www.zonaroja.com.mx\/?p=40284"},"modified":"2022-04-22T15:09:07","modified_gmt":"2022-04-22T20:09:07","slug":"cientos-arropan-a-aviles-en-municipio-morenista-de-santa-lucia-del-camino","status":"publish","type":"post","link":"https:\/\/zonaroja.com.mx\/?p=40284","title":{"rendered":"Cientos arropan a Avil\u00e9s en municipio morenista de Santa Luc\u00eda del Camino"},"content":{"rendered":"\n<p>Redacci\u00f3n\/Zona Roja.<\/p>\n\n\n\n<p>Oaxaca de Ju\u00e1rez, Oax., 22 de abril de 2022.- Cientos de colonos arroparon a Alejandro Avil\u00e9s \u00c1lvarez en el municipio morenista de Santa Luc\u00eda del Camino, donde el candidato a gobernador de Oaxaca encabez\u00f3 un acto masivo.<\/p>\n\n\n\n<p>Previo a ello, al degustar&nbsp;una bebida de fruta natural,&nbsp;acompa\u00f1ada de la&nbsp;amplia gastronom\u00eda&nbsp;del&nbsp;mercado \u201cBenito Ju\u00e1rez\u201d&nbsp;en la capital oaxaque\u00f1a, el \u201cTriple A\u201d&nbsp;convers\u00f3&nbsp;con las y los locatarios de este emblem\u00e1tico&nbsp;espacio&nbsp;p\u00fablico, quienes lo identificaron&nbsp;y recordaron&nbsp;que&nbsp;durante&nbsp;su juventud, visitaba&nbsp;regularmente&nbsp;a sus amigos comerciantes.&nbsp;<\/p>\n\n\n\n<p>\u201cAqu\u00ed lo conocemos&nbsp;de siempre, es un hombre respetable, dedicado a su trabajo y que siempre busca como ayudar a los dem\u00e1s\u201d,&nbsp;expres\u00f3 un locatario, mientras saludaba al candidato tricolor.&nbsp;<\/p>\n\n\n\n<p>En una amena&nbsp;pl\u00e1tica, Alejandro Avil\u00e9s afirm\u00f3 que el sello de su gobierno, tendr\u00e1 como plataforma&nbsp;la aplicaci\u00f3n de recursos p\u00fablicos, para&nbsp;la remodelaci\u00f3n y rehabilitaci\u00f3n de todos los mercados de la entidad,&nbsp;que son considerados&nbsp;como fuentes de empleo y de impulso econ\u00f3mico para las familias oaxaque\u00f1as&nbsp;<\/p>\n\n\n\n<p>\u201cVoy a ser el gobernador de los mercados,&nbsp;yo me indentifico con&nbsp;su&nbsp;gente,&nbsp;porque son personas muy trabajadoras;&nbsp;las mujeres&nbsp;y hombres&nbsp;se levantan todos los d\u00edas a buscar buscar trabajo&nbsp;para llevar&nbsp;el sustento&nbsp;a sus familias,&nbsp;para&nbsp;que sus hijos salgan adelante\u201d,&nbsp;expuso.&nbsp;<\/p>\n\n\n\n<p>Acompa\u00f1ado por integrantes de la mesa directiva de este mercado,\u00a0el \u201cTriple A\u201d recorri\u00f3 los pasillos de ropa t\u00edpica, zapater\u00edas, carnicer\u00edas y cremer\u00edas, donde salud\u00f3 a sus \u00a0propietarios,\u00a0y\u00a0reconoci\u00f3 su esfuerzo,\u00a0talento,\u00a0as\u00ed como su capacidad\u00a0que pone en alto\u00a0el nombre de\u00a0Oaxaca\u00a0a nivel mundial.\u00a0<\/p>\n\n\n\n<figure class=\"wp-block-embed is-type-rich is-provider-twitter wp-block-embed-twitter\"><div class=\"wp-block-embed__wrapper\">\n<div class=\"twitter-tweet\"><blockquote class=\"twitter-tweet\" data-lang=\"es\"><p lang=\"es\" dir=\"ltr\"><a href=\"https:\/\/twitter.com\/hashtag\/EleccionesOaxaca2022?src=hash&amp;ref_src=twsrc%5Etfw\">#EleccionesOaxaca2022<\/a><br>Durante su visita hoy al mercado \u201cBenito Ju\u00e1rez\u201d de la capital oaxaque\u00f1a, el candidato a gobernador <a href=\"https:\/\/twitter.com\/_AvilesAlvarez?ref_src=twsrc%5Etfw\">@_AvilesAlvarez<\/a> convoc\u00f3 a consumir lo local y apoyar a nuestros productores y comerciantes. <a href=\"https:\/\/t.co\/lKog8eGDRu\">pic.twitter.com\/lKog8eGDRu<\/a><\/p>&mdash; Zona Roja Oaxaca (@ZonaRoja_Oaxaca) <a href=\"https:\/\/twitter.com\/ZonaRoja_Oaxaca\/status\/1517296291633586177?ref_src=twsrc%5Etfw\">22 de abril de 2022<\/a><\/blockquote><\/div>\n<\/div><\/figure>\n\n\n\n<p>\u201cEl mercado \u2018Benito Ju\u00e1rez\u2019,&nbsp;es uno de los mercados m\u00e1s bonitos&nbsp;del mundo, los turistas cuando vienen dicen,&nbsp;quiero ir al mercado, quiero conocerlo\u201d,&nbsp;destac\u00f3.&nbsp;<\/p>\n\n\n\n<p>En su gobierno, Alejandro Avil\u00e9s inform\u00f3 que se preservar\u00e1n los mercados porque son elementos que detonan la econom\u00eda, generan empleos familiares y difunden la grandeza de Oaxaca.&nbsp;<\/p>\n\n\n\n<p>\u201cEn&nbsp;mi gobierno vamos a apoyar al tripe los mercados, yo hago un compromiso&nbsp;de&nbsp;poner todo mi empe\u00f1o,&nbsp;todo mi esfuerzo para seguir&nbsp;con&nbsp;la ruta de mejoramiento de&nbsp;todos estos espacios de&nbsp;la entidad\u201d, afirm\u00f3.<\/p>\n\n\n\n<p>En una segunda parada,&nbsp;el \u201cTriple A\u201d&nbsp;convivi\u00f3 con locatarios del&nbsp;mercado \u201c20 de Noviembre\u201d,&nbsp;distinguidos por su&nbsp;gastronom\u00eda, trabajo en familia y su perseverancia para brindar servicios de calidad al turismo&nbsp;turismo local, nacional e internacional.<\/p>\n\n\n\n<p>\u201cNo&nbsp;solo&nbsp;es&nbsp;un actractivo tur\u00edstico,&nbsp;tambi\u00e9n es&nbsp;fuente de empleo&nbsp;para las&nbsp;familias, mucha gente depende de ellos, por eso debemos&nbsp;consumir lo local\u201d,&nbsp;a\u00f1adi\u00f3.&nbsp;<\/p>\n\n\n\n<p>CONTRA POBREZA<\/p>\n\n\n\n<p>M\u00e1s tarde, desde el municipio de Santa Luc\u00eda del Camino, el candidato com\u00fan del PRI-PRD, Alejandro Avil\u00e9s \u00c1lvarez, resalt\u00f3 que su campa\u00f1a a la gubernatura de Oaxaca, se caracteriza principalmente por&nbsp;presentar&nbsp;propuestas y acciones en beneficio de los pueblos y comunidades de la entidad, y no existe&nbsp;cabida&nbsp;para el encono y la divisi\u00f3n.&nbsp;<\/p>\n\n\n\n<p>\u201cNosotros no estamos divividos, nosotros no estamos peleados, nuestra pelea es contra la pobreza, la marginaci\u00f3n, contra la&nbsp;falta de oportunidades;&nbsp;peleamos&nbsp;por los derechos de las ni\u00f1as y&nbsp;ni\u00f1os,&nbsp;por los adultos mayores,&nbsp;por las personas con capacidades diferentes&nbsp;y&nbsp;las mujeres\u201d, asever\u00f3.&nbsp;<\/p>\n\n\n\n<p>Al reunirse con la militancia priista de esta demarcaci\u00f3n, el Triple A&nbsp;sostuvo que su gobierno ser\u00e1 incluyente y se atender\u00e1 a todos los sectores sociales de manera igualitaria, sin distingos ni preferencias.&nbsp;<\/p>\n\n\n\n<p>\u201cHace unos d\u00edas&nbsp;me compromet\u00ed&nbsp;con&nbsp;los j\u00f3venes,&nbsp;con la&nbsp;salud, las jefas de familia, las madres trabajadoras,&nbsp;la educaci\u00f3n y el desarrollo social;&nbsp;todo lo que&nbsp;he dicho,&nbsp;lo voy a cumplir\u201d,&nbsp;manifest\u00f3.<\/p>\n","protected":false},"excerpt":{"rendered":"<p>Redacci\u00f3n\/Zona Roja. Oaxaca de Ju\u00e1rez, Oax., 22 de abril de 2022.- Cientos de colonos arroparon&hellip;<\/p>\n","protected":false},"author":2,"featured_media":40285,"comment_status":"closed","ping_status":"open","sticky":false,"template":"","format":"standard","meta":{"_lmt_disableupdate":"","_lmt_disable":"","_jetpack_memberships_contains_paid_content":false,"footnotes":""},"categories":[109,47],"tags":[316,2879],"class_list":["post-40284","post","type-post","status-publish","format-standard","has-post-thumbnail","hentry","category-minuto-a-minuto","category-zona-gris","tag-alejandro-aviles-alvarez","tag-elecciones-oaxaca-2022"],"jetpack_featured_media_url":"https:\/\/zonaroja.com.mx\/wp-content\/uploads\/2022\/04\/Alejandro-Aviles-Santa-Lucia-del-Camino.jpeg","jetpack_sharing_enabled":true,"_links":{"self":[{"href":"https:\/\/zonaroja.com.mx\/index.php?rest_route=\/wp\/v2\/posts\/40284","targetHints":{"allow":["GET"]}}],"collection":[{"href":"https:\/\/zonaroja.com.mx\/index.php?rest_route=\/wp\/v2\/posts"}],"about":[{"href":"https:\/\/zonaroja.com.mx\/index.php?rest_route=\/wp\/v2\/types\/post"}],"author":[{"embeddable":true,"href":"https:\/\/zonaroja.com.mx\/index.php?rest_route=\/wp\/v2\/users\/2"}],"replies":[{"embeddable":true,"href":"https:\/\/zonaroja.com.mx\/index.php?rest_route=%2Fwp%2Fv2%2Fcomments&post=40284"}],"version-history":[{"count":1,"href":"https:\/\/zonaroja.com.mx\/index.php?rest_route=\/wp\/v2\/posts\/40284\/revisions"}],"predecessor-version":[{"id":40286,"href":"https:\/\/zonaroja.com.mx\/index.php?rest_route=\/wp\/v2\/posts\/40284\/revisions\/40286"}],"wp:featuredmedia":[{"embeddable":true,"href":"https:\/\/zonaroja.com.mx\/index.php?rest_route=\/wp\/v2\/media\/40285"}],"wp:attachment":[{"href":"https:\/\/zonaroja.com.mx\/index.php?rest_route=%2Fwp%2Fv2%2Fmedia&parent=40284"}],"wp:term":[{"taxonomy":"category","embeddable":true,"href":"https:\/\/zonaroja.com.mx\/index.php?rest_route=%2Fwp%2Fv2%2Fcategories&post=40284"},{"taxonomy":"post_tag","embeddable":true,"href":"https:\/\/zonaroja.com.mx\/index.php?rest_route=%2Fwp%2Fv2%2Ftags&post=40284"}],"curies":[{"name":"wp","href":"https:\/\/api.w.org\/{rel}","templated":true}]}}