{"id":40287,"date":"2022-04-22T15:38:49","date_gmt":"2022-04-22T20:38:49","guid":{"rendered":"http:\/\/www.zonaroja.com.mx\/?p=40287"},"modified":"2022-04-22T15:38:51","modified_gmt":"2022-04-22T20:38:51","slug":"aplazan-por-cuarta-vez-audiencia-intermedia-para-caso-claudia-uruchurtu","status":"publish","type":"post","link":"https:\/\/zonaroja.com.mx\/?p=40287","title":{"rendered":"Aplazan por cuarta vez audiencia intermedia para caso Claudia Uruchurtu"},"content":{"rendered":"\n<p>Yuridiana Sosa\/Zona Roja.<\/p>\n\n\n\n<p>Oaxaca de Ju\u00e1rez, Oax., 22 de abril de 2022.- Alcanzar justicia por la desaparici\u00f3n forzada de Claudia Uruchurtu Cruz se ha convertido en un calvario para la familia de la v\u00edctima a m\u00e1s de un a a\u00f1o del hecho, al que se suma la suspensi\u00f3n por cuarta ocasi\u00f3n de la Audiencia Intermedia.<\/p>\n\n\n\n<p>La audiencia, clave para el desahogo de pruebas y determinar la conclusi\u00f3n del caso, estaba programada para el pasado 19 de abril, pero fue pospuesta para el pr\u00f3ximo 26 de abril, lo que representa para la familia una forma de \u201ctrabar\u201d el juicio por parte del Estado y su intenci\u00f3n de interferir pol\u00edticamente en el supuesto de empatarse el proceso legal con los tiempos de la elecci\u00f3n a gobernador.<\/p>\n\n\n\n<p>En conferencia de prensa semipresencial, la defensa jur\u00eddica de la familia y las hermanas de Claudia desde Inglaterra, v\u00eda digital, manifestaron que no permitir\u00e1n que sus derechos como v\u00edctimas indirectas sean vulnerados.<\/p>\n\n\n\n<figure class=\"wp-block-embed is-type-rich is-provider-twitter wp-block-embed-twitter\"><div class=\"wp-block-embed__wrapper\">\n<div class=\"twitter-tweet\"><blockquote class=\"twitter-tweet\" data-lang=\"es\"><p lang=\"es\" dir=\"ltr\"><a href=\"https:\/\/twitter.com\/hashtag\/ENVIVO?src=hash&amp;ref_src=twsrc%5Etfw\">#ENVIVO<\/a><br>Oaxaca de Ju\u00e1rez, Oax., 22 de abril de 2022.- Conferencia de prensa de familiares y abogados de Claudia Uruchurtu Cruz.<br>Insisten en la b\u00fasqueda para localizar el cuerpo y administraci\u00f3n de justicia \u00e1gil. <br>Aqu\u00ed la transmisi\u00f3n:<br>\ud83d\udc47<a href=\"https:\/\/t.co\/7mZbsXurX2\">https:\/\/t.co\/7mZbsXurX2<\/a> <a href=\"https:\/\/t.co\/0lxUG3cvoV\">pic.twitter.com\/0lxUG3cvoV<\/a><\/p>&mdash; Zona Roja Oaxaca (@ZonaRoja_Oaxaca) <a href=\"https:\/\/twitter.com\/ZonaRoja_Oaxaca\/status\/1517576950805450752?ref_src=twsrc%5Etfw\">22 de abril de 2022<\/a><\/blockquote><\/div>\n<\/div><\/figure>\n\n\n\n<p>El caso es llevado en dos sentidos, por una parte, lo legal con el proceso jur\u00eddico por el delito de desaparici\u00f3n forzada y por el que existen cinco personas detenidas, y por la b\u00fasqueda para encontrar a Claudia.<\/p>\n\n\n\n<p>Elizabeth, Hayde, Sara Uruchurtu Cruz, en representaci\u00f3n de la familia, y sus abogados exigieron a la Comisi\u00f3n Nacional de B\u00fasqueda y la Comisi\u00f3n Estatal de B\u00fasqueda efect\u00faen con eficacia sus labores, pues no existen avances en esta parte del caso.<\/p>\n\n\n\n<p>Las hermanas de Claudia pidieron a la sociedad a sumarse a la exigencia de la resoluci\u00f3n de este caso, pues se sentar\u00eda un precedente de justicia para la desaparici\u00f3n forzada de una ciudadana en territorio oaxaque\u00f1o, donde decenas de familias m\u00e1s padecen de la obstrucci\u00f3n a la justicia y localizaci\u00f3n de sus seres queridos.<\/p>\n\n\n\n<p>Este caso ha sido de tal trascendencia que organismos internacionales en materia de derechos humanos, como es la ONU, quienes al mismo tiempo han llamado a las autoridades de Oaxaca y M\u00e9xico a realizar acciones eficaces para encontrar a la v\u00edctima y no haya impunidad, recordaron las hermanas Uruchurtu Cruz.<\/p>\n","protected":false},"excerpt":{"rendered":"<p>Yuridiana Sosa\/Zona Roja. Oaxaca de Ju\u00e1rez, Oax., 22 de abril de 2022.- Alcanzar justicia por&hellip;<\/p>\n","protected":false},"author":2,"featured_media":40288,"comment_status":"closed","ping_status":"open","sticky":false,"template":"","format":"standard","meta":{"_lmt_disableupdate":"","_lmt_disable":"","_jetpack_memberships_contains_paid_content":false,"footnotes":""},"categories":[109,47],"tags":[2582],"class_list":["post-40287","post","type-post","status-publish","format-standard","has-post-thumbnail","hentry","category-minuto-a-minuto","category-zona-gris","tag-claudia-uruchurtu-cruz"],"jetpack_featured_media_url":"https:\/\/zonaroja.com.mx\/wp-content\/uploads\/2022\/04\/Conferencia-Claudia-Uruchurtu.jpg","jetpack_sharing_enabled":true,"_links":{"self":[{"href":"https:\/\/zonaroja.com.mx\/index.php?rest_route=\/wp\/v2\/posts\/40287","targetHints":{"allow":["GET"]}}],"collection":[{"href":"https:\/\/zonaroja.com.mx\/index.php?rest_route=\/wp\/v2\/posts"}],"about":[{"href":"https:\/\/zonaroja.com.mx\/index.php?rest_route=\/wp\/v2\/types\/post"}],"author":[{"embeddable":true,"href":"https:\/\/zonaroja.com.mx\/index.php?rest_route=\/wp\/v2\/users\/2"}],"replies":[{"embeddable":true,"href":"https:\/\/zonaroja.com.mx\/index.php?rest_route=%2Fwp%2Fv2%2Fcomments&post=40287"}],"version-history":[{"count":1,"href":"https:\/\/zonaroja.com.mx\/index.php?rest_route=\/wp\/v2\/posts\/40287\/revisions"}],"predecessor-version":[{"id":40289,"href":"https:\/\/zonaroja.com.mx\/index.php?rest_route=\/wp\/v2\/posts\/40287\/revisions\/40289"}],"wp:featuredmedia":[{"embeddable":true,"href":"https:\/\/zonaroja.com.mx\/index.php?rest_route=\/wp\/v2\/media\/40288"}],"wp:attachment":[{"href":"https:\/\/zonaroja.com.mx\/index.php?rest_route=%2Fwp%2Fv2%2Fmedia&parent=40287"}],"wp:term":[{"taxonomy":"category","embeddable":true,"href":"https:\/\/zonaroja.com.mx\/index.php?rest_route=%2Fwp%2Fv2%2Fcategories&post=40287"},{"taxonomy":"post_tag","embeddable":true,"href":"https:\/\/zonaroja.com.mx\/index.php?rest_route=%2Fwp%2Fv2%2Ftags&post=40287"}],"curies":[{"name":"wp","href":"https:\/\/api.w.org\/{rel}","templated":true}]}}