{"id":40290,"date":"2022-04-22T15:43:02","date_gmt":"2022-04-22T20:43:02","guid":{"rendered":"http:\/\/www.zonaroja.com.mx\/?p=40290"},"modified":"2022-04-22T15:43:04","modified_gmt":"2022-04-22T20:43:04","slug":"tratan-con-crueldad-a-un-lomito-en-reyes-etla-inicia-fiscalia-indagatoria","status":"publish","type":"post","link":"https:\/\/zonaroja.com.mx\/?p=40290","title":{"rendered":"Tratan con crueldad a un \u201clomito\u201d en Reyes, Etla; inicia Fiscal\u00eda indagatoria"},"content":{"rendered":"\n<p>Redacci\u00f3n\/Zona Roja.<\/p>\n\n\n\n<p>Oaxaca de Ju\u00e1rez, Oax., 22 de abril de 2022.- Con el firme compromiso de combatir el maltrato animal en todas sus modalidades, la Fiscal\u00eda General del Estado de Oaxaca (FGEO) inici\u00f3 carpeta de investigaci\u00f3n por crueldad animal y dict\u00f3 medidas de protecci\u00f3n a favor de un canino, a fin de salvaguardar su integridad f\u00edsica, hecho cometido en el municipio de Reyes Etla, regi\u00f3n de Valles Centrales.<\/p>\n\n\n\n<p>La instituci\u00f3n de procuraci\u00f3n de justicia inici\u00f3 la carpeta de investigaci\u00f3n 7844\/FVCE\/ETLA\/2022, por el delito de crueldad animal y agon\u00eda en contra de la imputada Esperanza \u201cN\u201d, as\u00ed como de quien o quienes resulten responsables.<\/p>\n\n\n\n<p>Es importante destacar que, el pasado 20 de abril del presente a\u00f1o, elementos de la Agencia Estatal de Investigaciones (AEI) acudieron a un domicilio ubicado en la referida demarcaci\u00f3n y rescataron a dicho canino, el cual fue entregado al S\u00edndico del municipio antes mencionado para su cuidado y resguardo, en tanto se encuentre un hogar para el perro.<\/p>\n\n\n\n<p>En este sentido, la instituci\u00f3n exhorta a la ciudadan\u00eda a denunciar cualquier tipo de maltrato animal y as\u00ed hacer frente a los delitos de este sector, puesto que la ley garantiza derechos para los animales y obliga a proteger su vida.<\/p>\n\n\n\n<p>Con estas acciones reafirmamos el compromiso de proteger la integridad de todo ser sintiente y condenamos el maltrato animal.<\/p>\n","protected":false},"excerpt":{"rendered":"<p>Redacci\u00f3n\/Zona Roja. Oaxaca de Ju\u00e1rez, Oax., 22 de abril de 2022.- Con el firme compromiso&hellip;<\/p>\n","protected":false},"author":2,"featured_media":40291,"comment_status":"closed","ping_status":"open","sticky":false,"template":"","format":"standard","meta":{"_lmt_disableupdate":"","_lmt_disable":"","_jetpack_memberships_contains_paid_content":false,"footnotes":""},"categories":[109,47],"tags":[494],"class_list":["post-40290","post","type-post","status-publish","format-standard","has-post-thumbnail","hentry","category-minuto-a-minuto","category-zona-gris","tag-fiscalia-general-del-estado-de-oaxaca"],"jetpack_featured_media_url":"https:\/\/zonaroja.com.mx\/wp-content\/uploads\/2022\/04\/Maltrato-animal-perro-mascota-Fiscalia.jpg","jetpack_sharing_enabled":true,"_links":{"self":[{"href":"https:\/\/zonaroja.com.mx\/index.php?rest_route=\/wp\/v2\/posts\/40290","targetHints":{"allow":["GET"]}}],"collection":[{"href":"https:\/\/zonaroja.com.mx\/index.php?rest_route=\/wp\/v2\/posts"}],"about":[{"href":"https:\/\/zonaroja.com.mx\/index.php?rest_route=\/wp\/v2\/types\/post"}],"author":[{"embeddable":true,"href":"https:\/\/zonaroja.com.mx\/index.php?rest_route=\/wp\/v2\/users\/2"}],"replies":[{"embeddable":true,"href":"https:\/\/zonaroja.com.mx\/index.php?rest_route=%2Fwp%2Fv2%2Fcomments&post=40290"}],"version-history":[{"count":1,"href":"https:\/\/zonaroja.com.mx\/index.php?rest_route=\/wp\/v2\/posts\/40290\/revisions"}],"predecessor-version":[{"id":40292,"href":"https:\/\/zonaroja.com.mx\/index.php?rest_route=\/wp\/v2\/posts\/40290\/revisions\/40292"}],"wp:featuredmedia":[{"embeddable":true,"href":"https:\/\/zonaroja.com.mx\/index.php?rest_route=\/wp\/v2\/media\/40291"}],"wp:attachment":[{"href":"https:\/\/zonaroja.com.mx\/index.php?rest_route=%2Fwp%2Fv2%2Fmedia&parent=40290"}],"wp:term":[{"taxonomy":"category","embeddable":true,"href":"https:\/\/zonaroja.com.mx\/index.php?rest_route=%2Fwp%2Fv2%2Fcategories&post=40290"},{"taxonomy":"post_tag","embeddable":true,"href":"https:\/\/zonaroja.com.mx\/index.php?rest_route=%2Fwp%2Fv2%2Ftags&post=40290"}],"curies":[{"name":"wp","href":"https:\/\/api.w.org\/{rel}","templated":true}]}}