{"id":4030,"date":"2019-09-16T21:27:18","date_gmt":"2019-09-17T02:27:18","guid":{"rendered":"http:\/\/www.zonaroja.com.mx\/?p=4030"},"modified":"2019-09-16T21:27:21","modified_gmt":"2019-09-17T02:27:21","slug":"lunes-patrio-y-rojo-en-oaxaca-una-mujer-lesionada-y-dos-ejecutados-uno-de-ellos-taxista","status":"publish","type":"post","link":"https:\/\/zonaroja.com.mx\/?p=4030","title":{"rendered":"Lunes patrio y rojo en Oaxaca: una mujer lesionada y dos ejecutados, uno de ellos taxista"},"content":{"rendered":"\n<p>Redacci\u00f3n\/Zona\nRoja.<\/p>\n\n\n\n<p>Oaxaca de\nJu\u00e1rez, Oax., Dos personas fueron asesinadas a balazos, en las regiones Valles\nCentrales e Istmo de Tehuantepec, mientras que una mujer fue agredida en la\nCosta.<\/p>\n\n\n\n<p>De acuerdo\ncon reportes preliminares, en la colonia Guillermo Gonz\u00e1lez Guardado de la\nVilla de Zaachila, la noche de este lunes fue ultimado a balazos un taxista en\nel interior de su unidad de motor, con n\u00famero econ\u00f3mico 15-446, del sitio \u201cMagos\u201d\nA. C.<\/p>\n\n\n\n<p>El individuo fue agredido por al menos dos sujetos a bordo de su motocicleta, que de inmediato se dieron a la fuga; no se reportaron patrullajes de b\u00fasqueda ni se ha identificado formalmente a la v\u00edctima.<\/p>\n\n\n\n<figure class=\"wp-block-embed-twitter wp-block-embed is-type-rich is-provider-twitter\"><div class=\"wp-block-embed__wrapper\">\n<div class=\"twitter-tweet\"><blockquote class=\"twitter-tweet\" data-lang=\"es\"><p lang=\"es\" dir=\"ltr\"><a href=\"https:\/\/twitter.com\/hashtag\/OaxacaRojo?src=hash&amp;ref_src=twsrc%5Etfw\">#OaxacaRojo<\/a><br>Incesante la violencia en <a href=\"https:\/\/twitter.com\/hashtag\/Oaxaca?src=hash&amp;ref_src=twsrc%5Etfw\">#Oaxaca<\/a> e in\u00fatiles los operativos de corporaciones policiacas de los tres niveles de gobierno. <br>Dos personas ejecutadas a balazos este lunes patrio, una de ellas en Juchit\u00e1n. <br>En jurisdicci\u00f3n de Zaachila, un taxista ultimado en su unidad: <a href=\"https:\/\/t.co\/KdTkFDygCJ\">pic.twitter.com\/KdTkFDygCJ<\/a><\/p>&mdash; Zona Roja Oaxaca (@MexRoja) <a href=\"https:\/\/twitter.com\/MexRoja\/status\/1173775965782036481?ref_src=twsrc%5Etfw\">17 de septiembre de 2019<\/a><\/blockquote><\/div>\n<\/div><\/figure>\n\n\n\n<p>Mientras tanto\nen San Pedro Pochutla, una mujer de aproximadamente 19 a\u00f1os de edad,\nidentificada como Elena Hern\u00e1ndez Barrag\u00e1n, fue atacada a balazos en el barrio\nCuaydiguele; fue trasladada a bordo de una ambulancia a un hospital y se\ndesconoce su estado de salud.<\/p>\n\n\n\n<p>Por la\nma\u00f1ana en la S\u00e9ptima Secci\u00f3n de Juchit\u00e1n de Zaragoza, un joven fue ultimado a balazos.<\/p>\n\n\n\n<p>La v\u00edctima\nfue identificada como Antonio G.M., de aproximadamente 20 a\u00f1os de edad, quien\nfue agredido por varios sujetos armados. <\/p>\n\n\n\n<p>En los tres\ncasos no se reportan personas detenidas relacionadas con los cr\u00edmenes y las\nagresiones.<\/p>\n","protected":false},"excerpt":{"rendered":"<p>Redacci\u00f3n\/Zona Roja. Oaxaca de Ju\u00e1rez, Oax., Dos personas fueron asesinadas a balazos, en las regiones&hellip;<\/p>\n","protected":false},"author":2,"featured_media":4031,"comment_status":"closed","ping_status":"open","sticky":false,"template":"","format":"standard","meta":{"_lmt_disableupdate":"","_lmt_disable":"","_jetpack_memberships_contains_paid_content":false,"footnotes":""},"categories":[109,51],"tags":[722],"class_list":["post-4030","post","type-post","status-publish","format-standard","has-post-thumbnail","hentry","category-minuto-a-minuto","category-zona-roja","tag-taxista-ejecutado-gonzalez-guardado"],"jetpack_featured_media_url":"https:\/\/zonaroja.com.mx\/wp-content\/uploads\/2019\/09\/6d9ca269-e210-4e74-aa17-7cdf5b6a63eb.jpg","jetpack_sharing_enabled":true,"_links":{"self":[{"href":"https:\/\/zonaroja.com.mx\/index.php?rest_route=\/wp\/v2\/posts\/4030","targetHints":{"allow":["GET"]}}],"collection":[{"href":"https:\/\/zonaroja.com.mx\/index.php?rest_route=\/wp\/v2\/posts"}],"about":[{"href":"https:\/\/zonaroja.com.mx\/index.php?rest_route=\/wp\/v2\/types\/post"}],"author":[{"embeddable":true,"href":"https:\/\/zonaroja.com.mx\/index.php?rest_route=\/wp\/v2\/users\/2"}],"replies":[{"embeddable":true,"href":"https:\/\/zonaroja.com.mx\/index.php?rest_route=%2Fwp%2Fv2%2Fcomments&post=4030"}],"version-history":[{"count":2,"href":"https:\/\/zonaroja.com.mx\/index.php?rest_route=\/wp\/v2\/posts\/4030\/revisions"}],"predecessor-version":[{"id":4037,"href":"https:\/\/zonaroja.com.mx\/index.php?rest_route=\/wp\/v2\/posts\/4030\/revisions\/4037"}],"wp:featuredmedia":[{"embeddable":true,"href":"https:\/\/zonaroja.com.mx\/index.php?rest_route=\/wp\/v2\/media\/4031"}],"wp:attachment":[{"href":"https:\/\/zonaroja.com.mx\/index.php?rest_route=%2Fwp%2Fv2%2Fmedia&parent=4030"}],"wp:term":[{"taxonomy":"category","embeddable":true,"href":"https:\/\/zonaroja.com.mx\/index.php?rest_route=%2Fwp%2Fv2%2Fcategories&post=4030"},{"taxonomy":"post_tag","embeddable":true,"href":"https:\/\/zonaroja.com.mx\/index.php?rest_route=%2Fwp%2Fv2%2Ftags&post=4030"}],"curies":[{"name":"wp","href":"https:\/\/api.w.org\/{rel}","templated":true}]}}