{"id":40307,"date":"2022-04-22T22:07:09","date_gmt":"2022-04-23T03:07:09","guid":{"rendered":"http:\/\/www.zonaroja.com.mx\/?p=40307"},"modified":"2022-04-22T22:07:11","modified_gmt":"2022-04-23T03:07:11","slug":"desaparece-del-mapa-en-el-istmo-el-prd-lideres-se-unen-a-la-4t","status":"publish","type":"post","link":"https:\/\/zonaroja.com.mx\/?p=40307","title":{"rendered":"Desaparece del mapa en el Istmo el PRD; l\u00edderes se unen a la 4T.&nbsp;"},"content":{"rendered":"\n<p>Redacci\u00f3n\/Zona Roja.<\/p>\n\n\n\n<p>Oaxaca de Ju\u00e1rez, Oax., 22 de abril de 2022.- Lejos quedaron aquellos a\u00f1os en los cuales el Partido de la Revoluci\u00f3n Democr\u00e1tica (PRD) era s\u00edmbolo de libertad.<\/p>\n\n\n\n<p>Hoy Morena encabeza las causas justas, uni\u00f3n y organizaci\u00f3n en una de las regiones m\u00e1s importantes de Oaxaca y todo M\u00e9xico, el Istmo de Tehuantepec, en donde hoy ya no queda ni un rayo de aquel PRD que conoc\u00edamos.<\/p>\n\n\n\n<p>El d\u00eda de ayer, uno de los m\u00e1ximos y \u00faltimos dirigentes del partido del Sol Azteca, Raynel Ram\u00edrez Mijangos, de San Juan Guichicovi, hizo p\u00fablica su adhesi\u00f3n al proyecto que encabeza Salom\u00f3n Jara Cruz, candidato a la gubernatura de Oaxaca.<\/p>\n\n\n\n<p>El poco brillo que quedaba del PRD en Oaxaca alcanz\u00f3 su ocaso definitivo con esta p\u00e9rdida importante. Mientras tanto, se suma al movimiento de la Cuarta Trasformaci\u00f3n dejando en claro que Morena, lejos de perder puntos y popularidad, sigue multiplicando.<\/p>\n\n\n\n<p>Los a\u00f1os en los cuales el peso de este instituto pol\u00edtico, como partido y organizaci\u00f3n cuando instauraron un \u201cAyuntamiento Popular\u201d, y que hizo temblar al Gobierno del Estado, logrando convocar y obtener el auxilio de personajes de la talla de Heberto Castillo, Rosario Ibarra de Piedra, Elena Poniatowska, Francisco Toledo entre otros, se esfumaron.<\/p>\n\n\n\n<p>Ahora el cascaron del PRD, ya sin bases y sin ideales, es aliado del PRI en busca de la gubernatura de la entidad en el presente proceso electoral ordinario, se ha sublevado a una pol\u00edtica de corrupci\u00f3n y servilismo que, ha ocasionado repudio de sus m\u00e1s importantes legionarios y, que hoy, suman todos los esfuerzos y lucha de una verdadera izquierda hacia Salom\u00f3n Jara y Morena.<\/p>\n\n\n\n<p>Para dirigentes y referentes del PRD en el Istmo de Tehuantepec, las propuestas de quien abandera al PRI en busca de la gubernatura, es decir, Alejandro Avil\u00e9s \u00c1lvarez, no son m\u00e1s que castillos sobre arena alejadas de una agenda izquierdista por la que siempre han luchado.<\/p>\n\n\n\n<p>En los \u00faltimos 20 a\u00f1os, desde el 2002, el partido del Sol Azteca tuvo el control del gobierno municipal de San Juan Guichicovi, por lo que hasta hoy, fue uno de los m\u00e1s importantes referentes del PRD en el Istmo de Tehuantepec.&nbsp;<\/p>\n\n\n\n<p>En el reciente proceso electoral 2021, el partido alcanz\u00f3 8 mil 496 sufragios, en esa municipalidad, estad\u00edsticas que evidentemente se sumar\u00e1n al proyecto de la esperanza que encabeza Salom\u00f3n Jara Cruz.<\/p>\n\n\n\n<p>Todo parece indicar que un PRD vac\u00edo, con apenas unos l\u00edderes sin bases sin lucha y marcados por la traici\u00f3n que les caracteriza, acompa\u00f1ar\u00e1n a la derrota al PRI que por si s\u00f3lo ya acumula el repudio social, las bases y los dirigentes sociales se han sumado a Morena , en esta lucha que ahora parece estar m\u00e1s definida que nunca rumbo al 5 se junio .<\/p>\n\n\n\n<p>En municipios considerados \u201cgrandes\u201d como Juchit\u00e1n de Zaragoza, el PRD obtuvo s\u00f3lo 820 votos, mientras que en Salina Cruz alcanz\u00f3 apenas 321 sufragios, es decir, Guichicovi era de los \u00faltimos bastiones, si no es que el \u00fanico, que manten\u00eda vivo al partido del Sol Azteca.<\/p>\n","protected":false},"excerpt":{"rendered":"<p>Redacci\u00f3n\/Zona Roja. Oaxaca de Ju\u00e1rez, Oax., 22 de abril de 2022.- Lejos quedaron aquellos a\u00f1os&hellip;<\/p>\n","protected":false},"author":2,"featured_media":40308,"comment_status":"closed","ping_status":"open","sticky":false,"template":"","format":"standard","meta":{"_lmt_disableupdate":"","_lmt_disable":"","_jetpack_memberships_contains_paid_content":false,"footnotes":""},"categories":[109,46],"tags":[2879,939],"class_list":["post-40307","post","type-post","status-publish","format-standard","has-post-thumbnail","hentry","category-minuto-a-minuto","category-zona-blanca","tag-elecciones-oaxaca-2022","tag-salomon-jara-cruz"],"jetpack_featured_media_url":"https:\/\/zonaroja.com.mx\/wp-content\/uploads\/2022\/04\/Salomon-Jara-Istmo-Reynel-Ramirez.jpg","jetpack_sharing_enabled":true,"_links":{"self":[{"href":"https:\/\/zonaroja.com.mx\/index.php?rest_route=\/wp\/v2\/posts\/40307","targetHints":{"allow":["GET"]}}],"collection":[{"href":"https:\/\/zonaroja.com.mx\/index.php?rest_route=\/wp\/v2\/posts"}],"about":[{"href":"https:\/\/zonaroja.com.mx\/index.php?rest_route=\/wp\/v2\/types\/post"}],"author":[{"embeddable":true,"href":"https:\/\/zonaroja.com.mx\/index.php?rest_route=\/wp\/v2\/users\/2"}],"replies":[{"embeddable":true,"href":"https:\/\/zonaroja.com.mx\/index.php?rest_route=%2Fwp%2Fv2%2Fcomments&post=40307"}],"version-history":[{"count":1,"href":"https:\/\/zonaroja.com.mx\/index.php?rest_route=\/wp\/v2\/posts\/40307\/revisions"}],"predecessor-version":[{"id":40309,"href":"https:\/\/zonaroja.com.mx\/index.php?rest_route=\/wp\/v2\/posts\/40307\/revisions\/40309"}],"wp:featuredmedia":[{"embeddable":true,"href":"https:\/\/zonaroja.com.mx\/index.php?rest_route=\/wp\/v2\/media\/40308"}],"wp:attachment":[{"href":"https:\/\/zonaroja.com.mx\/index.php?rest_route=%2Fwp%2Fv2%2Fmedia&parent=40307"}],"wp:term":[{"taxonomy":"category","embeddable":true,"href":"https:\/\/zonaroja.com.mx\/index.php?rest_route=%2Fwp%2Fv2%2Fcategories&post=40307"},{"taxonomy":"post_tag","embeddable":true,"href":"https:\/\/zonaroja.com.mx\/index.php?rest_route=%2Fwp%2Fv2%2Ftags&post=40307"}],"curies":[{"name":"wp","href":"https:\/\/api.w.org\/{rel}","templated":true}]}}