{"id":40310,"date":"2022-04-22T22:20:33","date_gmt":"2022-04-23T03:20:33","guid":{"rendered":"http:\/\/www.zonaroja.com.mx\/?p=40310"},"modified":"2022-04-22T22:20:35","modified_gmt":"2022-04-23T03:20:35","slug":"caso-debanhi-falla-masiva-humana-para-localizarla-excusa-nuevo-leon","status":"publish","type":"post","link":"https:\/\/zonaroja.com.mx\/?p=40310","title":{"rendered":"Caso Debanhi: \u201cFalla masiva humana\u201d para localizarla, excusa Nuevo Le\u00f3n"},"content":{"rendered":"\n<p>Redacci\u00f3n\/Zona Roja Cdmx.<\/p>\n\n\n\n<p>Ciudad de M\u00e9xico, 22 de abril de 2022.- La Fiscal\u00eda General del Estado de Nuevo Le\u00f3n confirm\u00f3 que el cuerpo hallado anoche en una cisterna en el municipio de General Escobedo, es de Debanhi Escobar.<\/p>\n\n\n\n<p>Sin embargo, justific\u00f3 la tardanza en el hallazgo y los nulos resultados en varias ocasiones de b\u00fasqueda en el mismo lugar, con una \u201cfalla masiva humana\u201d, seg\u00fan dijo el secretario de Seguridad del estado, Aldo Fasci Zuazua.<\/p>\n\n\n\n<p>\u201cEs una falla humana masiva, ah\u00ed estuvieron cuatro veces y no encontraron nada, y no es la primera vez que pasa en las b\u00fasquedas de este mundo, disc\u00falpenme (\u2026) lo que pasa es que lamentablemente estaba en el fondo del agua y no hab\u00eda nada qu\u00e9 visualizar, entonces, esta alerta se dio por los olores, debajo del agua no pueden oler los caninos\u201d, justific\u00f3.<\/p>\n\n\n\n<p>Ello gener\u00f3 m\u00e1s irritaci\u00f3n ciudadana y reclamos de los padres de Debanhi, que reprocharon la negligencia de las instituciones p\u00fablicas federal y estatal.<\/p>\n\n\n\n<p>Esta noche el cuerpo de la joven est\u00e1 siendo velado en su domicilio.<\/p>\n\n\n\n<p>El fiscal General del Estado de Nuevo Le\u00f3n, Gustavo Adolfo Guerrero, mencion\u00f3 que las pruebas cient\u00edficas practicadas permiten comunicar que el cuerpo hallado en la cisterna pertenece al de Debanhi.&nbsp;<\/p>\n\n\n\n<p>\u00abLas pruebas cient\u00edficas practicadas nos permiten determinar que el cuerpo encontrado es el Debanh\u00ed Susana Escobar, siendo la causa de la muerte&nbsp;una contusi\u00f3n profunda en el cr\u00e1neo.&nbsp;<\/p>\n\n\n\n<p>\u201cOfrecemos nuestras condolencias a sus familiares y sus seres queridos\u00bb, asegur\u00f3 el fiscal.&nbsp;&nbsp;<\/p>\n\n\n\n<p>Destac\u00f3 que en este momento no se descarta ninguna l\u00ednea de investigaci\u00f3n, sin embargo, se pondr\u00e1n todos los recursos para determinar los hechos que han sucedido y si estos indican un delito ser\u00e1n perseguidos con toda la fuerza de la ley.<\/p>\n\n\n\n<p>El padre de Debanhi, Mario Escobar, asegur\u00f3, que el cuerpo de Debanhi fue sembrado en la cisterna donde lo encontraron y sentenci\u00f3 que, si hubo negligencia, \u00abque caiga quien tenga que caer\u00bb.&nbsp;&nbsp;<\/p>\n\n\n\n<p>Al llegar a la funeraria donde se realiza el velorio de la joven de 18 a\u00f1os, el padre agradeci\u00f3 el apoyo de la prensa y de la sociedad y afirm\u00f3 que seguir\u00e1 en b\u00fasqueda de justicia, \u00abno voy a descansar estoy destrozado por dentro porque mataron a mi hija\u00bb.&nbsp;<\/p>\n\n\n\n<p>\u201cQue pague el que tenga que pagar y el que tenga que caer; ya viene gente del gobierno federal a checa el dato, si hubo alguna negligencia, pero yo voy a seguir con esa lucha para encontrar a los culpables\u00bb, dijo.&nbsp;<\/p>\n\n\n\n<p>(Con informaci\u00f3n de \u201cMilenio\u201d)<\/p>\n","protected":false},"excerpt":{"rendered":"<p>Redacci\u00f3n\/Zona Roja Cdmx. Ciudad de M\u00e9xico, 22 de abril de 2022.- La Fiscal\u00eda General del&hellip;<\/p>\n","protected":false},"author":2,"featured_media":40311,"comment_status":"closed","ping_status":"open","sticky":false,"template":"","format":"standard","meta":{"_lmt_disableupdate":"","_lmt_disable":"","_jetpack_memberships_contains_paid_content":false,"footnotes":""},"categories":[109,47],"tags":[3118],"class_list":["post-40310","post","type-post","status-publish","format-standard","has-post-thumbnail","hentry","category-minuto-a-minuto","category-zona-gris","tag-debanhi-escobar"],"jetpack_featured_media_url":"https:\/\/zonaroja.com.mx\/wp-content\/uploads\/2022\/04\/Debanhi-Escobar-1.jpg","jetpack_sharing_enabled":true,"_links":{"self":[{"href":"https:\/\/zonaroja.com.mx\/index.php?rest_route=\/wp\/v2\/posts\/40310","targetHints":{"allow":["GET"]}}],"collection":[{"href":"https:\/\/zonaroja.com.mx\/index.php?rest_route=\/wp\/v2\/posts"}],"about":[{"href":"https:\/\/zonaroja.com.mx\/index.php?rest_route=\/wp\/v2\/types\/post"}],"author":[{"embeddable":true,"href":"https:\/\/zonaroja.com.mx\/index.php?rest_route=\/wp\/v2\/users\/2"}],"replies":[{"embeddable":true,"href":"https:\/\/zonaroja.com.mx\/index.php?rest_route=%2Fwp%2Fv2%2Fcomments&post=40310"}],"version-history":[{"count":1,"href":"https:\/\/zonaroja.com.mx\/index.php?rest_route=\/wp\/v2\/posts\/40310\/revisions"}],"predecessor-version":[{"id":40312,"href":"https:\/\/zonaroja.com.mx\/index.php?rest_route=\/wp\/v2\/posts\/40310\/revisions\/40312"}],"wp:featuredmedia":[{"embeddable":true,"href":"https:\/\/zonaroja.com.mx\/index.php?rest_route=\/wp\/v2\/media\/40311"}],"wp:attachment":[{"href":"https:\/\/zonaroja.com.mx\/index.php?rest_route=%2Fwp%2Fv2%2Fmedia&parent=40310"}],"wp:term":[{"taxonomy":"category","embeddable":true,"href":"https:\/\/zonaroja.com.mx\/index.php?rest_route=%2Fwp%2Fv2%2Fcategories&post=40310"},{"taxonomy":"post_tag","embeddable":true,"href":"https:\/\/zonaroja.com.mx\/index.php?rest_route=%2Fwp%2Fv2%2Ftags&post=40310"}],"curies":[{"name":"wp","href":"https:\/\/api.w.org\/{rel}","templated":true}]}}