{"id":40315,"date":"2022-04-23T07:03:00","date_gmt":"2022-04-23T12:03:00","guid":{"rendered":"http:\/\/www.zonaroja.com.mx\/?p=40315"},"modified":"2022-04-23T07:03:01","modified_gmt":"2022-04-23T12:03:01","slug":"cumple-24-horas-retenido-edil-de-santiago-jocotepec-oaxaca","status":"publish","type":"post","link":"https:\/\/zonaroja.com.mx\/?p=40315","title":{"rendered":"Cumple 24 horas retenido edil de Santiago Jocotepec, Oaxaca"},"content":{"rendered":"\n<p>Redacci\u00f3n\/Zona Roja.<\/p>\n\n\n\n<p>Oaxaca de Ju\u00e1rez, Oax., 23 de abril de 2022.- Carlos Rigoberto Esc\u00e1rcega,&nbsp; presidente municipal de Santiago Jocotepec, municipio de la regi\u00f3n Cuenca de Oaxaca, cumpli\u00f3 24 horas de retenci\u00f3n.<\/p>\n\n\n\n<p>Ayer fue llevado a la c\u00e1rcel por parte de pobladores de la agencia R\u00edo Chiquito, al acusarlo que no cumpli\u00f3 con los acuerdos de la minuta firmada el pasado 22 de marzo.<\/p>\n\n\n\n<p>Mediante dicho documento el presidente municipal se hab\u00eda comprometido a la ejecuci\u00f3n de diversas obras p\u00fablicas, de las cuales ninguna se ha iniciado.<\/p>\n\n\n\n<p>A esta demanda se sum\u00f3 la localidad de Luis Echeverr\u00eda, que tambi\u00e9n acusa incumplimientos del presidente municipal Carlos Rigoberto Esc\u00e1rcega.<\/p>\n\n\n\n<p>Hasta el momento la Secretar\u00eda General de Gobierno (Segego), que encabeza Francisco Garc\u00eda L\u00f3pez, no ha informado si atendi\u00f3 la demanda de los pobladores de intervenir para lograr una mesa de di\u00e1logo, a fin de obligar al edil a cumplir con los acuerdos.<\/p>\n","protected":false},"excerpt":{"rendered":"<p>Redacci\u00f3n\/Zona Roja. Oaxaca de Ju\u00e1rez, Oax., 23 de abril de 2022.- Carlos Rigoberto Esc\u00e1rcega,&nbsp; presidente&hellip;<\/p>\n","protected":false},"author":2,"featured_media":40316,"comment_status":"closed","ping_status":"open","sticky":false,"template":"","format":"standard","meta":{"_lmt_disableupdate":"","_lmt_disable":"","_jetpack_memberships_contains_paid_content":false,"footnotes":""},"categories":[109,47],"tags":[2034],"class_list":["post-40315","post","type-post","status-publish","format-standard","has-post-thumbnail","hentry","category-minuto-a-minuto","category-zona-gris","tag-santiago-jocotepec"],"jetpack_featured_media_url":"https:\/\/zonaroja.com.mx\/wp-content\/uploads\/2022\/04\/Edil-retenido-Santiago-Jocotepec.jpg","jetpack_sharing_enabled":true,"_links":{"self":[{"href":"https:\/\/zonaroja.com.mx\/index.php?rest_route=\/wp\/v2\/posts\/40315","targetHints":{"allow":["GET"]}}],"collection":[{"href":"https:\/\/zonaroja.com.mx\/index.php?rest_route=\/wp\/v2\/posts"}],"about":[{"href":"https:\/\/zonaroja.com.mx\/index.php?rest_route=\/wp\/v2\/types\/post"}],"author":[{"embeddable":true,"href":"https:\/\/zonaroja.com.mx\/index.php?rest_route=\/wp\/v2\/users\/2"}],"replies":[{"embeddable":true,"href":"https:\/\/zonaroja.com.mx\/index.php?rest_route=%2Fwp%2Fv2%2Fcomments&post=40315"}],"version-history":[{"count":1,"href":"https:\/\/zonaroja.com.mx\/index.php?rest_route=\/wp\/v2\/posts\/40315\/revisions"}],"predecessor-version":[{"id":40317,"href":"https:\/\/zonaroja.com.mx\/index.php?rest_route=\/wp\/v2\/posts\/40315\/revisions\/40317"}],"wp:featuredmedia":[{"embeddable":true,"href":"https:\/\/zonaroja.com.mx\/index.php?rest_route=\/wp\/v2\/media\/40316"}],"wp:attachment":[{"href":"https:\/\/zonaroja.com.mx\/index.php?rest_route=%2Fwp%2Fv2%2Fmedia&parent=40315"}],"wp:term":[{"taxonomy":"category","embeddable":true,"href":"https:\/\/zonaroja.com.mx\/index.php?rest_route=%2Fwp%2Fv2%2Fcategories&post=40315"},{"taxonomy":"post_tag","embeddable":true,"href":"https:\/\/zonaroja.com.mx\/index.php?rest_route=%2Fwp%2Fv2%2Ftags&post=40315"}],"curies":[{"name":"wp","href":"https:\/\/api.w.org\/{rel}","templated":true}]}}