{"id":40318,"date":"2022-04-23T07:12:57","date_gmt":"2022-04-23T12:12:57","guid":{"rendered":"http:\/\/www.zonaroja.com.mx\/?p=40318"},"modified":"2022-04-23T07:42:34","modified_gmt":"2022-04-23T12:42:34","slug":"abaten-en-chimalapa-a-reo-que-fue-rescatado-por-grupo-armado-en-tlacolula","status":"publish","type":"post","link":"https:\/\/zonaroja.com.mx\/?p=40318","title":{"rendered":"Abaten en Chimalapa a reo que fue rescatado por grupo armado en Tlacolula"},"content":{"rendered":"\n<p>Redacci\u00f3n\/Zona Roja.<\/p>\n\n\n\n<p>Oaxaca de Ju\u00e1rez, Oax., 23 de abril de 2022. El gobierno de Oaxaca confirm\u00f3 que fue abatido a balazos en San Miguel Chimalapa un presunto delincuente que hab\u00eda sido rescatado por un grupo armado tras haber sido llevado a una consulta m\u00e9dica en Tlacolula de Matamoros.<\/p>\n\n\n\n<p>En un comunicado, inform\u00f3 que en la agencia municipal El Porvenir, municipio de San Miguel Chimalapa, fue abatido Ignacio C., alias \u201cNacho Contreras\u201d, pr\u00f3fugo de un centro penitenciario estatal.<\/p>\n\n\n\n<p>Precis\u00f3 que los hechos se registraron ayer luego de que esta persona atacara con arma de fuego a elementos de la Polic\u00eda Estatal, de la Secretar\u00eda de la Defensa Nacional y de la Guardia Nacional.<\/p>\n\n\n\n<p>El masculino estuvo interno por delitos contra la salud y posesi\u00f3n de armas y fue rescatado por un grupo armado el pasado 8 de abril cuando recib\u00eda atenci\u00f3n medica en un hospital de Tlacolula de Matamoros.<\/p>\n\n\n\n<p>\u201cSe presume que el hoy acaecido buscaba reactivar su c\u00e9lula delictiva en la regi\u00f3n del Istmo, pero fue abatido tras enfrentarse con los cuerpos de seguridad al negarse a la reaprehensi\u00f3n.<\/p>\n\n\n\n<p>\u201cCabe resaltar que desde el d\u00eda de su fuga las fuerzas de seguridad estatal y federal mantuvieron activo un operativo para la b\u00fasqueda y localizaci\u00f3n de esta persona\u201d, detall\u00f3 la autoridad estatal en un comunicado.<\/p>\n","protected":false},"excerpt":{"rendered":"<p>Redacci\u00f3n\/Zona Roja. Oaxaca de Ju\u00e1rez, Oax., 23 de abril de 2022. El gobierno de Oaxaca&hellip;<\/p>\n","protected":false},"author":2,"featured_media":40325,"comment_status":"closed","ping_status":"open","sticky":false,"template":"","format":"standard","meta":{"_lmt_disableupdate":"","_lmt_disable":"","_jetpack_memberships_contains_paid_content":false,"footnotes":""},"categories":[109,47],"tags":[],"class_list":["post-40318","post","type-post","status-publish","format-standard","has-post-thumbnail","hentry","category-minuto-a-minuto","category-zona-gris"],"jetpack_featured_media_url":"https:\/\/zonaroja.com.mx\/wp-content\/uploads\/2022\/04\/Nacho-Contreras-abatido-Chimalapa.jpg","jetpack_sharing_enabled":true,"_links":{"self":[{"href":"https:\/\/zonaroja.com.mx\/index.php?rest_route=\/wp\/v2\/posts\/40318","targetHints":{"allow":["GET"]}}],"collection":[{"href":"https:\/\/zonaroja.com.mx\/index.php?rest_route=\/wp\/v2\/posts"}],"about":[{"href":"https:\/\/zonaroja.com.mx\/index.php?rest_route=\/wp\/v2\/types\/post"}],"author":[{"embeddable":true,"href":"https:\/\/zonaroja.com.mx\/index.php?rest_route=\/wp\/v2\/users\/2"}],"replies":[{"embeddable":true,"href":"https:\/\/zonaroja.com.mx\/index.php?rest_route=%2Fwp%2Fv2%2Fcomments&post=40318"}],"version-history":[{"count":1,"href":"https:\/\/zonaroja.com.mx\/index.php?rest_route=\/wp\/v2\/posts\/40318\/revisions"}],"predecessor-version":[{"id":40320,"href":"https:\/\/zonaroja.com.mx\/index.php?rest_route=\/wp\/v2\/posts\/40318\/revisions\/40320"}],"wp:featuredmedia":[{"embeddable":true,"href":"https:\/\/zonaroja.com.mx\/index.php?rest_route=\/wp\/v2\/media\/40325"}],"wp:attachment":[{"href":"https:\/\/zonaroja.com.mx\/index.php?rest_route=%2Fwp%2Fv2%2Fmedia&parent=40318"}],"wp:term":[{"taxonomy":"category","embeddable":true,"href":"https:\/\/zonaroja.com.mx\/index.php?rest_route=%2Fwp%2Fv2%2Fcategories&post=40318"},{"taxonomy":"post_tag","embeddable":true,"href":"https:\/\/zonaroja.com.mx\/index.php?rest_route=%2Fwp%2Fv2%2Ftags&post=40318"}],"curies":[{"name":"wp","href":"https:\/\/api.w.org\/{rel}","templated":true}]}}