{"id":40326,"date":"2022-04-23T07:48:47","date_gmt":"2022-04-23T12:48:47","guid":{"rendered":"http:\/\/www.zonaroja.com.mx\/?p=40326"},"modified":"2022-04-23T07:48:48","modified_gmt":"2022-04-23T12:48:48","slug":"istmo-de-tehuantepec-llamado-a-ser-el-nuevo-motor-de-crecimiento-de-mexico","status":"publish","type":"post","link":"https:\/\/zonaroja.com.mx\/?p=40326","title":{"rendered":"Istmo de Tehuantepec, llamado a ser el nuevo motor de crecimiento de M\u00e9xico"},"content":{"rendered":"\n<p>Redacci\u00f3n\/Zona Roja.<\/p>\n\n\n\n<p>Oaxaca de Ju\u00e1rez, Oax., 23 de abril de 2022.- En reuni\u00f3n con empresarios norteamericanos y mexicanos sobre la inversi\u00f3n en el Istmo de Tehuantepec encabezada por el presidente Andr\u00e9s Manuel L\u00f3pez Obrador, el gobernador Alejandro Murat Hinojosa manifest\u00f3 que el Corredor Interoce\u00e1nico puede ser el primer proyecto que se consolide con la reanudaci\u00f3n del Tratado entre M\u00e9xico, Estados Unidos y Canad\u00e1 (T-MEC) en materia comercial en la era global actual, fortaleciendo las relaciones comerciales de toda la regi\u00f3n en beneficio de miles de familias.&nbsp;<\/p>\n\n\n\n<p>En este encuentro que se realiz\u00f3 en las instalaciones del fuerte de San Juan de Ul\u00faa, Veracruz, y que tambi\u00e9n cont\u00f3 con la participaci\u00f3n de los gobernadores de Chiapas, Tabasco y Veracruz, el mandatario oaxaque\u00f1o destac\u00f3 que este proyecto puede crecer de manera org\u00e1nica con el nuevo modelo geopol\u00edtico a nivel global, debido a que est\u00e1 llamado a ser un corredor industrial de valor agregado con inversi\u00f3n directa que permitir\u00e1 el traslado de productos a Estados Unidos, Europa y Asia, de una manera r\u00e1pida y con los beneficios que ofrecen la energ\u00eda barata del ducto de gas que redise\u00f1\u00f3 Pemex, el tren Maya, los puertos y las zonas econ\u00f3micas con el Tratado de Libre Comercio.<\/p>\n\n\n\n<p>\u201cEste es el momento del sur que viene a complementar el desarrollo del centro y norte del pa\u00eds. Estamos convencidos de que el Istmo de Tehuantepec est\u00e1 llamado a ser el nuevo motor de crecimiento de M\u00e9xico pero tambi\u00e9n de una regi\u00f3n del sur y Centroam\u00e9rica\u201d, agreg\u00f3.<\/p>\n\n\n\n<figure class=\"wp-block-embed is-type-rich is-provider-twitter wp-block-embed-twitter\"><div class=\"wp-block-embed__wrapper\">\n<div class=\"twitter-tweet\"><blockquote class=\"twitter-tweet\" data-lang=\"es\"><p lang=\"es\" dir=\"ltr\">Durante su intervenci\u00f3n en Veracruz, en el acto que encabez\u00f3 el Presidente <a href=\"https:\/\/twitter.com\/lopezobrador_?ref_src=twsrc%5Etfw\">@lopezobrador_<\/a>, el gobernador de <a href=\"https:\/\/twitter.com\/hashtag\/Oaxaca?src=hash&amp;ref_src=twsrc%5Etfw\">#Oaxaca<\/a>, <a href=\"https:\/\/twitter.com\/alejandromurat?ref_src=twsrc%5Etfw\">@alejandromurat<\/a>, habl\u00f3 del potencial del Corredor Interoce\u00e1nico y las oportunidades de inversi\u00f3n que representa. <a href=\"https:\/\/t.co\/C4YJeHkS0H\">pic.twitter.com\/C4YJeHkS0H<\/a><\/p>&mdash; Zona Roja Oaxaca (@ZonaRoja_Oaxaca) <a href=\"https:\/\/twitter.com\/ZonaRoja_Oaxaca\/status\/1517622932851376129?ref_src=twsrc%5Etfw\">22 de abril de 2022<\/a><\/blockquote><\/div>\n<\/div><\/figure>\n\n\n\n<p>En este sentido, Murat Hinojosa refiri\u00f3 que en la actualidad existe un nuevo planteamiento en torno a la visi\u00f3n empresarial que considera necesario incluir a las personas, la productividad y el planeta. Asimismo, extern\u00f3 a los inversionistas que en Oaxaca encontrar\u00e1n gobernabilidad, seguridad y el capital humano que se requiere.<\/p>\n\n\n\n<p>Por su parte, el presidente de M\u00e9xico, Andr\u00e9s Manuel L\u00f3pez Obrador plante\u00f3 la posibilidad de integrar en lo econ\u00f3mico a los pa\u00edses de Am\u00e9rica del Norte, as\u00ed como la integraci\u00f3n de toda Am\u00e9rica, cuya relaci\u00f3n econ\u00f3mica, comercial y pol\u00edtica debe estar planteada hacia el futuro. \u201cEs un buen paso el haber renovado el T-MEC y me siento satisfecho porque cumpl\u00ed con mi responsabilidad y ahora con este instrumento tenemos muchas posibilidades de desarrollo en Am\u00e9rica del Norte. Lo que corresponde a M\u00e9xico hay condiciones para la inversi\u00f3n inmejorables\u201d, destac\u00f3 al reiterar que la inversi\u00f3n en M\u00e9xico va a la alza, lo que representa un indicador positivo para las empresas.&nbsp;<\/p>\n\n\n\n<p>En su oportunidad, el embajador de los Estados Unidos de Am\u00e9rica en M\u00e9xico, Ken Salazar calific\u00f3 a esta reuni\u00f3n como hist\u00f3rica porque los gobiernos y empresarios definir\u00e1n una nueva \u00e9poca con la mirada hacia el sur, principalmente en la regi\u00f3n del Istmo de Tehuantepec, que no se hab\u00eda desarrollado en el pasado pero que requiere una acci\u00f3n inmediata con proyectos e inversiones como las que se est\u00e1n haciendo en la regi\u00f3n. \u201cVemos oportunidad y optimismo con este proyecto que se prev\u00e9 como el futuro de la econom\u00eda y la democracia\u201d, dijo.<\/p>\n","protected":false},"excerpt":{"rendered":"<p>Redacci\u00f3n\/Zona Roja. Oaxaca de Ju\u00e1rez, Oax., 23 de abril de 2022.- En reuni\u00f3n con empresarios&hellip;<\/p>\n","protected":false},"author":2,"featured_media":40327,"comment_status":"closed","ping_status":"open","sticky":false,"template":"","format":"standard","meta":{"_lmt_disableupdate":"","_lmt_disable":"","_jetpack_memberships_contains_paid_content":false,"footnotes":""},"categories":[109,46],"tags":[173],"class_list":["post-40326","post","type-post","status-publish","format-standard","has-post-thumbnail","hentry","category-minuto-a-minuto","category-zona-blanca","tag-alejandro-murat-hinojosa"],"jetpack_featured_media_url":"https:\/\/zonaroja.com.mx\/wp-content\/uploads\/2022\/04\/Alejandro-Murat-y-Loez-Obrador-en-Veracruz.jpg","jetpack_sharing_enabled":true,"_links":{"self":[{"href":"https:\/\/zonaroja.com.mx\/index.php?rest_route=\/wp\/v2\/posts\/40326","targetHints":{"allow":["GET"]}}],"collection":[{"href":"https:\/\/zonaroja.com.mx\/index.php?rest_route=\/wp\/v2\/posts"}],"about":[{"href":"https:\/\/zonaroja.com.mx\/index.php?rest_route=\/wp\/v2\/types\/post"}],"author":[{"embeddable":true,"href":"https:\/\/zonaroja.com.mx\/index.php?rest_route=\/wp\/v2\/users\/2"}],"replies":[{"embeddable":true,"href":"https:\/\/zonaroja.com.mx\/index.php?rest_route=%2Fwp%2Fv2%2Fcomments&post=40326"}],"version-history":[{"count":1,"href":"https:\/\/zonaroja.com.mx\/index.php?rest_route=\/wp\/v2\/posts\/40326\/revisions"}],"predecessor-version":[{"id":40328,"href":"https:\/\/zonaroja.com.mx\/index.php?rest_route=\/wp\/v2\/posts\/40326\/revisions\/40328"}],"wp:featuredmedia":[{"embeddable":true,"href":"https:\/\/zonaroja.com.mx\/index.php?rest_route=\/wp\/v2\/media\/40327"}],"wp:attachment":[{"href":"https:\/\/zonaroja.com.mx\/index.php?rest_route=%2Fwp%2Fv2%2Fmedia&parent=40326"}],"wp:term":[{"taxonomy":"category","embeddable":true,"href":"https:\/\/zonaroja.com.mx\/index.php?rest_route=%2Fwp%2Fv2%2Fcategories&post=40326"},{"taxonomy":"post_tag","embeddable":true,"href":"https:\/\/zonaroja.com.mx\/index.php?rest_route=%2Fwp%2Fv2%2Ftags&post=40326"}],"curies":[{"name":"wp","href":"https:\/\/api.w.org\/{rel}","templated":true}]}}