{"id":40329,"date":"2022-04-23T07:51:49","date_gmt":"2022-04-23T12:51:49","guid":{"rendered":"http:\/\/www.zonaroja.com.mx\/?p=40329"},"modified":"2022-04-23T07:51:50","modified_gmt":"2022-04-23T12:51:50","slug":"detiene-policia-estatal-a-dos-presuntos-integrantes-de-celula-delictiva-en-la-cuenca","status":"publish","type":"post","link":"https:\/\/zonaroja.com.mx\/?p=40329","title":{"rendered":"Detiene Polic\u00eda Estatal a dos presuntos integrantes de c\u00e9lula delictiva en la Cuenca"},"content":{"rendered":"\n<p>Redacci\u00f3n\/Zona Roja.<\/p>\n\n\n\n<p>Oaxaca de Ju\u00e1rez, Oax., 23 de abril de 2022.- Elementos de la Polic\u00eda Estatal de la Secretar\u00eda de Seguridad P\u00fablica de Oaxaca (SSPO), detuvieron a dos presuntos integrantes de la delincuencia organizada en la regi\u00f3n de la Cuenca del Papaloapan.<\/p>\n\n\n\n<p>Se trata de Gustavo C. R., y Agust\u00edn A., quienes se identificaron como integrantes del C\u00e1rtel Jalisco Nueva Generaci\u00f3n, mismos que fueron capturados en la carretera federal Tuxtepec a Jalapa de D\u00edaz, a la altura del crucero de San Francisco Salsipuedes, ambos circulaban a bordo de un taxi del sitio \u201cJalapa\u201d.<\/p>\n\n\n\n<p>En la revisi\u00f3n, los elementos polic\u00edacos les hallaron tel\u00e9fonos celulares con mensajes de monitoreo y vigilancia a las autoridades, adem\u00e1s de un radio base con frecuencia de la polic\u00eda vial estatal.<\/p>\n\n\n\n<p>Ambas personas, junto con lo asegurado fueron puestas a disposici\u00f3n de la Fiscal\u00eda local de Tuxtepec para su proceso legal correspondiente.<\/p>\n","protected":false},"excerpt":{"rendered":"<p>Redacci\u00f3n\/Zona Roja. Oaxaca de Ju\u00e1rez, Oax., 23 de abril de 2022.- Elementos de la Polic\u00eda&hellip;<\/p>\n","protected":false},"author":2,"featured_media":40330,"comment_status":"closed","ping_status":"open","sticky":false,"template":"","format":"standard","meta":{"_lmt_disableupdate":"","_lmt_disable":"","_jetpack_memberships_contains_paid_content":false,"footnotes":""},"categories":[109,46],"tags":[1421],"class_list":["post-40329","post","type-post","status-publish","format-standard","has-post-thumbnail","hentry","category-minuto-a-minuto","category-zona-blanca","tag-secretaria-de-seguridad-publica-de-oaxaca-sspo"],"jetpack_featured_media_url":"https:\/\/zonaroja.com.mx\/wp-content\/uploads\/2022\/04\/f053f506-5834-4dc7-8ab3-b1992d40cd50.jpg","jetpack_sharing_enabled":true,"_links":{"self":[{"href":"https:\/\/zonaroja.com.mx\/index.php?rest_route=\/wp\/v2\/posts\/40329","targetHints":{"allow":["GET"]}}],"collection":[{"href":"https:\/\/zonaroja.com.mx\/index.php?rest_route=\/wp\/v2\/posts"}],"about":[{"href":"https:\/\/zonaroja.com.mx\/index.php?rest_route=\/wp\/v2\/types\/post"}],"author":[{"embeddable":true,"href":"https:\/\/zonaroja.com.mx\/index.php?rest_route=\/wp\/v2\/users\/2"}],"replies":[{"embeddable":true,"href":"https:\/\/zonaroja.com.mx\/index.php?rest_route=%2Fwp%2Fv2%2Fcomments&post=40329"}],"version-history":[{"count":1,"href":"https:\/\/zonaroja.com.mx\/index.php?rest_route=\/wp\/v2\/posts\/40329\/revisions"}],"predecessor-version":[{"id":40331,"href":"https:\/\/zonaroja.com.mx\/index.php?rest_route=\/wp\/v2\/posts\/40329\/revisions\/40331"}],"wp:featuredmedia":[{"embeddable":true,"href":"https:\/\/zonaroja.com.mx\/index.php?rest_route=\/wp\/v2\/media\/40330"}],"wp:attachment":[{"href":"https:\/\/zonaroja.com.mx\/index.php?rest_route=%2Fwp%2Fv2%2Fmedia&parent=40329"}],"wp:term":[{"taxonomy":"category","embeddable":true,"href":"https:\/\/zonaroja.com.mx\/index.php?rest_route=%2Fwp%2Fv2%2Fcategories&post=40329"},{"taxonomy":"post_tag","embeddable":true,"href":"https:\/\/zonaroja.com.mx\/index.php?rest_route=%2Fwp%2Fv2%2Ftags&post=40329"}],"curies":[{"name":"wp","href":"https:\/\/api.w.org\/{rel}","templated":true}]}}