{"id":4033,"date":"2019-09-16T21:38:30","date_gmt":"2019-09-17T02:38:30","guid":{"rendered":"http:\/\/www.zonaroja.com.mx\/?p=4033"},"modified":"2019-09-16T21:38:32","modified_gmt":"2019-09-17T02:38:32","slug":"alertan-sobre-el-desarrollo-de-un-ciclon-al-sur-de-las-costas-de-oaxaca","status":"publish","type":"post","link":"https:\/\/zonaroja.com.mx\/?p=4033","title":{"rendered":"Alertan sobre el desarrollo de un cicl\u00f3n al sur de las costas de Oaxaca"},"content":{"rendered":"\n<p>Redacci\u00f3n\/Zona\nRoja.<\/p>\n\n\n\n<p>Oaxaca de\nJu\u00e1rez, Oax. 16 de septiembre de 2019.- La Coordinaci\u00f3n Estatal de Protecci\u00f3n\nCivil de Oaxaca (CEPCO) exhorta a la poblaci\u00f3n a mantenerse atento a las\nrecomendaciones que se emitan por la zona de inestabilidad con probabilidad\npara desarrollo cicl\u00f3nico al sur de las Costas de la entidad.<\/p>\n\n\n\n<p>De acuerdo\ncon el pron\u00f3stico de la Comisi\u00f3n Nacional de Agua (Conagua), se observ\u00f3 a las\n13:00 horas, una zona de inestabilidad a 410 kil\u00f3metros al sur de Puerto \u00c1ngel,\nOaxaca, inmersa en la Zona de Convergencia Intertropical (ZCIT) con vientos\nm\u00e1ximos sostenidos de 35 km\/h y rachas de 45 km\/h. desplaz\u00e1ndose al oeste\nnoroeste lentamente, con posibilidad del 90 por ciento a 48 horas, para que\nevolucione a un sistema mayor, en aguas costeras del Pac\u00edfico sur.<\/p>\n\n\n\n<p>El jefe de\nDepartamento de Monitoreo y Alertamiento Preventivo de la CEPCO, Cutberto Ruiz\nJarqu\u00edn, indic\u00f3 que la circulaci\u00f3n de este sistema, favorecer\u00e1 lluvias y\ntormentas de moderadas a fuertes en la franja costera y Sierra Sur y de\nintensidad variable en el resto del estado.<\/p>\n\n\n\n<p>Por ello, la\ndependencia exhorta a la poblaci\u00f3n a tomar sus precauciones y mantenerse\ninformado. Se recomienda extremar precauciones a la navegaci\u00f3n mar\u00edtima a lo\nlargo de la l\u00ednea de costa, por vientos arrachados y turbonadas fuertes.<\/p>\n\n\n\n<p>A la\npoblaci\u00f3n en general se pide a mantenerse atento por lluvias y tormentas\nfuertes y de corta duraci\u00f3n, as\u00ed como niebla muy densa en zonas monta\u00f1osas.\nCabe destacar que las delegaciones de la CEPCO se encuentran activas ante este\npron\u00f3stico. Para alg\u00fan reporte comunicarse al 911 o al 01 800 170 70 70.<\/p>\n","protected":false},"excerpt":{"rendered":"<p>Redacci\u00f3n\/Zona Roja. Oaxaca de Ju\u00e1rez, Oax. 16 de septiembre de 2019.- La Coordinaci\u00f3n Estatal de&hellip;<\/p>\n","protected":false},"author":2,"featured_media":4034,"comment_status":"closed","ping_status":"open","sticky":false,"template":"","format":"standard","meta":{"_lmt_disableupdate":"","_lmt_disable":"","_jetpack_memberships_contains_paid_content":false,"footnotes":""},"categories":[109,47],"tags":[],"class_list":["post-4033","post","type-post","status-publish","format-standard","has-post-thumbnail","hentry","category-minuto-a-minuto","category-zona-gris"],"jetpack_featured_media_url":"https:\/\/zonaroja.com.mx\/wp-content\/uploads\/2019\/09\/Image-1-10.png","jetpack_sharing_enabled":true,"_links":{"self":[{"href":"https:\/\/zonaroja.com.mx\/index.php?rest_route=\/wp\/v2\/posts\/4033","targetHints":{"allow":["GET"]}}],"collection":[{"href":"https:\/\/zonaroja.com.mx\/index.php?rest_route=\/wp\/v2\/posts"}],"about":[{"href":"https:\/\/zonaroja.com.mx\/index.php?rest_route=\/wp\/v2\/types\/post"}],"author":[{"embeddable":true,"href":"https:\/\/zonaroja.com.mx\/index.php?rest_route=\/wp\/v2\/users\/2"}],"replies":[{"embeddable":true,"href":"https:\/\/zonaroja.com.mx\/index.php?rest_route=%2Fwp%2Fv2%2Fcomments&post=4033"}],"version-history":[{"count":1,"href":"https:\/\/zonaroja.com.mx\/index.php?rest_route=\/wp\/v2\/posts\/4033\/revisions"}],"predecessor-version":[{"id":4035,"href":"https:\/\/zonaroja.com.mx\/index.php?rest_route=\/wp\/v2\/posts\/4033\/revisions\/4035"}],"wp:featuredmedia":[{"embeddable":true,"href":"https:\/\/zonaroja.com.mx\/index.php?rest_route=\/wp\/v2\/media\/4034"}],"wp:attachment":[{"href":"https:\/\/zonaroja.com.mx\/index.php?rest_route=%2Fwp%2Fv2%2Fmedia&parent=4033"}],"wp:term":[{"taxonomy":"category","embeddable":true,"href":"https:\/\/zonaroja.com.mx\/index.php?rest_route=%2Fwp%2Fv2%2Fcategories&post=4033"},{"taxonomy":"post_tag","embeddable":true,"href":"https:\/\/zonaroja.com.mx\/index.php?rest_route=%2Fwp%2Fv2%2Ftags&post=4033"}],"curies":[{"name":"wp","href":"https:\/\/api.w.org\/{rel}","templated":true}]}}