{"id":40332,"date":"2022-04-23T13:54:35","date_gmt":"2022-04-23T18:54:35","guid":{"rendered":"http:\/\/www.zonaroja.com.mx\/?p=40332"},"modified":"2022-04-23T13:54:38","modified_gmt":"2022-04-23T18:54:38","slug":"formalizan-eduardo-bautista-y-christian-carreno-relevo-en-rectoria-de-la-uabjo","status":"publish","type":"post","link":"https:\/\/zonaroja.com.mx\/?p=40332","title":{"rendered":"Formalizan Eduardo Bautista y Christian Carre\u00f1o relevo en rector\u00eda de la UABJO"},"content":{"rendered":"\n<p>Yuridiana Sosa\/Zona Roja.<\/p>\n\n\n\n<p>Oaxaca de Ju\u00e1rez,&nbsp; Oax., 23 de abril de 2022.- En sorpresivo acto, la Universidad Aut\u00f3noma \u201cBenito Ju\u00e1rez\u201d de Oaxaca realiz\u00f3 el relevo en la rector\u00eda de la instituci\u00f3n con la separaci\u00f3n del cargo de Eduardo Bautista Mart\u00ednez y la toma de protesta de Christian Carre\u00f1o L\u00f3pez, en instalaciones de Ciudad Universitaria.<\/p>\n\n\n\n<p>Sin previo anuncio, la ma\u00f1ana de este s\u00e1bado el rector saliente se reuni\u00f3 con su relevo en la Sala de Ex rectores de la UABJO, donde estuvieron presentes funcionarios de la m\u00e1xima casa de estudios, as\u00ed como un representante del Gobierno del Estado, para atestiguar y dar formalidad a la sucesi\u00f3n.<\/p>\n\n\n\n<p>\u201cAmbas partes, coincidieron que lo m\u00e1s importante es trabajar en beneficio de la comunidad estudiantil y la propia instituci\u00f3n\u201d, comunic\u00f3 la Universidad.<\/p>\n\n\n\n<p>Por su parte, el ex rector Eduardo Bautista envi\u00f3 un mensaje de agradecimiento a la UABJO por el cobijo a su trabajo durante su periodo de gesti\u00f3n 2016-2022.<\/p>\n\n\n\n<p>Se\u00f1al\u00f3 que los seis a\u00f1os al frente de la UABJO forman parte de una etapa importante en su vida, por la que agradeci\u00f3 la oportunidad de marcar el rumbo de la instituci\u00f3n, pero ahora, en una nueva etapa se congratula de volver a compartir con la comunidad universitarias desde las aulas y pasillos con la frente en alto, as\u00ed como reencontrase en su espacio familiar.<\/p>\n\n\n\n<figure class=\"wp-block-embed is-type-rich is-provider-twitter wp-block-embed-twitter\"><div class=\"wp-block-embed__wrapper\">\n<div class=\"twitter-tweet\"><blockquote class=\"twitter-tweet\" data-lang=\"es\"><p lang=\"es\" dir=\"ltr\"><a href=\"https:\/\/twitter.com\/hashtag\/%C3%9AltimoMinuto?src=hash&amp;ref_src=twsrc%5Etfw\">#\u00daltimoMinuto<\/a> <br>Tras la entrega-recepci\u00f3n de la rector\u00eda de la <a href=\"https:\/\/twitter.com\/UABJO?ref_src=twsrc%5Etfw\">@UABJO<\/a>, <a href=\"https:\/\/twitter.com\/Bautistaeduardo?ref_src=twsrc%5Etfw\">@Bautistaeduardo<\/a> agradeci\u00f3 a trav\u00e9s de un mensaje en video la oportunidad de servir a la instituci\u00f3n, en un periodo de seis a\u00f1os. <a href=\"https:\/\/t.co\/SF2aO5yA1b\">pic.twitter.com\/SF2aO5yA1b<\/a><\/p>&mdash; Zona Roja Oaxaca (@ZonaRoja_Oaxaca) <a href=\"https:\/\/twitter.com\/ZonaRoja_Oaxaca\/status\/1517901771976306692?ref_src=twsrc%5Etfw\">23 de abril de 2022<\/a><\/blockquote><\/div>\n<\/div><\/figure>\n\n\n\n<p>\u201cRegreso al abrazo de mi fortaleza, de mi familia, regreso a ese encuentro amoroso, porque eso permite tambi\u00e9n emprender nuevas rutas, recargar energ\u00edas, siempre para abrir nuevos horizontes\u201d, expres\u00f3 en su despedida.<\/p>\n\n\n\n<p>En tanto, tras la toma de su cargo Carre\u00f1o L\u00f3pez realiz\u00f3 un recorrido por las instalaciones de Ciudad Universitaria acompa\u00f1ado de su equipo de trabajo.<\/p>\n\n\n\n<p>HORAS CONFUSAS<\/p>\n\n\n\n<p>Este viernes, a\u00fan en medio de un panorama confuso sobre la selecci\u00f3n de Christian Carre\u00f1o L\u00f3pez como nuevo rector de la UABJO el pasado 1 de abril, integrantes del Consejo Universitario ratificaron dicho nombramiento durante la sesi\u00f3n extraordinaria en la Facultad de Arquitectura.<\/p>\n\n\n\n<p>En esta sesi\u00f3n tambi\u00e9n se nombr\u00f3 a Abraham Mart\u00ednez Helmes como Secretario General de la Universidad Aut\u00f3noma Benito Ju\u00e1rez de Oaxaca (UABJO).<\/p>\n\n\n\n<p>Ambas nuevas autoridades recibieron el certificado que los acredita en sus cargos en la UABJO y con ello aclarar que el proceso para el relev\u00f3 s\u00ed fue legal, pese a que no estuvo presente toda la Comisi\u00f3n Electoral ni todo el Consejo Universitario.<\/p>\n","protected":false},"excerpt":{"rendered":"<p>Yuridiana Sosa\/Zona Roja. Oaxaca de Ju\u00e1rez,&nbsp; Oax., 23 de abril de 2022.- En sorpresivo acto,&hellip;<\/p>\n","protected":false},"author":2,"featured_media":40333,"comment_status":"closed","ping_status":"open","sticky":false,"template":"","format":"standard","meta":{"_lmt_disableupdate":"","_lmt_disable":"","_jetpack_memberships_contains_paid_content":false,"footnotes":""},"categories":[109,46],"tags":[3119,360],"class_list":["post-40332","post","type-post","status-publish","format-standard","has-post-thumbnail","hentry","category-minuto-a-minuto","category-zona-blanca","tag-christian-carreno-lopez","tag-rector-eduardo-bautista-martinez"],"jetpack_featured_media_url":"https:\/\/zonaroja.com.mx\/wp-content\/uploads\/2022\/04\/Eduardo-Bautista-y-Christian-Carreno.jpg","jetpack_sharing_enabled":true,"_links":{"self":[{"href":"https:\/\/zonaroja.com.mx\/index.php?rest_route=\/wp\/v2\/posts\/40332","targetHints":{"allow":["GET"]}}],"collection":[{"href":"https:\/\/zonaroja.com.mx\/index.php?rest_route=\/wp\/v2\/posts"}],"about":[{"href":"https:\/\/zonaroja.com.mx\/index.php?rest_route=\/wp\/v2\/types\/post"}],"author":[{"embeddable":true,"href":"https:\/\/zonaroja.com.mx\/index.php?rest_route=\/wp\/v2\/users\/2"}],"replies":[{"embeddable":true,"href":"https:\/\/zonaroja.com.mx\/index.php?rest_route=%2Fwp%2Fv2%2Fcomments&post=40332"}],"version-history":[{"count":1,"href":"https:\/\/zonaroja.com.mx\/index.php?rest_route=\/wp\/v2\/posts\/40332\/revisions"}],"predecessor-version":[{"id":40334,"href":"https:\/\/zonaroja.com.mx\/index.php?rest_route=\/wp\/v2\/posts\/40332\/revisions\/40334"}],"wp:featuredmedia":[{"embeddable":true,"href":"https:\/\/zonaroja.com.mx\/index.php?rest_route=\/wp\/v2\/media\/40333"}],"wp:attachment":[{"href":"https:\/\/zonaroja.com.mx\/index.php?rest_route=%2Fwp%2Fv2%2Fmedia&parent=40332"}],"wp:term":[{"taxonomy":"category","embeddable":true,"href":"https:\/\/zonaroja.com.mx\/index.php?rest_route=%2Fwp%2Fv2%2Fcategories&post=40332"},{"taxonomy":"post_tag","embeddable":true,"href":"https:\/\/zonaroja.com.mx\/index.php?rest_route=%2Fwp%2Fv2%2Ftags&post=40332"}],"curies":[{"name":"wp","href":"https:\/\/api.w.org\/{rel}","templated":true}]}}