{"id":40339,"date":"2022-04-23T18:44:26","date_gmt":"2022-04-23T23:44:26","guid":{"rendered":"https:\/\/www.zonaroja.com.mx\/?p=40339"},"modified":"2022-04-23T18:46:33","modified_gmt":"2022-04-23T23:46:33","slug":"ocultan-danos-totales-por-incendio-en-chimalapa-preliminar-es-de-mas-de-dos-mil-has","status":"publish","type":"post","link":"https:\/\/zonaroja.com.mx\/?p=40339","title":{"rendered":"Ocultan da\u00f1os totales por incendio en Chimalapa; preliminar es de m\u00e1s de dos mil has"},"content":{"rendered":"\n<p>Yuridiana Sosa\/Zona Roja.<\/p>\n\n\n\n<p>Oaxaca de Ju\u00e1rez, Oax., 23 de abril de 2022.- Por m\u00e1s de dos semanas se mantuvo activo el incendio forestal en San Miguel Chimalapa en la regi\u00f3n del Istmo, con un saldo preliminar de dos mil hect\u00e1reas afectadas.<\/p>\n\n\n\n<p>La Comisi\u00f3n Estatal Forestal (Coesfo) report\u00f3 el seguimiento a la conflagraci\u00f3n desde su inicio, el pasado 5 de abril, hasta el pasado 21 de abril, cuando de manera preliminar se contabilizaron da\u00f1os en 20 mil metros cuadrados.<\/p>\n\n\n\n<p>Sin embargo, a la conclusi\u00f3n de este fuego la dependencia no ha reportado da\u00f1os totales por dicho siniestro que permaneci\u00f3 activo por al menos 16 d\u00edas a pesar de los esfuerzos de brigadistas estatales, federales y comuneros.<\/p>\n\n\n\n<p>Los reportes recientes de la Coesfo se han limitado a indicar la superficie total afectada en el estado, pero ya no por cada una de las \u00e1reas incendiadas, mientras que el director de la dependencia, Aar\u00f3n Ju\u00e1rez, tambi\u00e9n protegi\u00f3 su cuenta de Twitter, en la que daba cuenta de los siniestros, as\u00ed como omiti\u00f3 contestar a este medio sobre el saldo total en Chimalapas.&nbsp;<\/p>\n\n\n\n<p>Al corte de este s\u00e1bado, la Coesfo dio a conocer del registro de 84 incendios en lo que va del a\u00f1o, de ese total se mantiene uno activo desde hace tres d\u00edas en Silacayo\u00e1pam, en la regi\u00f3n Mixteca, en el paraje San Andr\u00e9s Monta\u00f1a y Cerro del Cuchillo, con una superficie afectada estimada en 90 hect\u00e1reas.<\/p>\n\n\n\n<p>En tanto, las 84 conflagraciones han da\u00f1ado un de forma preliminar un total de seis mil 811 hect\u00e1reas en todo el estado. <\/p>\n","protected":false},"excerpt":{"rendered":"<p>Yuridiana Sosa\/Zona Roja. Oaxaca de Ju\u00e1rez, Oax., 23 de abril de 2022.- Por m\u00e1s de&hellip;<\/p>\n","protected":false},"author":2,"featured_media":40338,"comment_status":"closed","ping_status":"open","sticky":false,"template":"","format":"standard","meta":{"_lmt_disableupdate":"","_lmt_disable":"","_jetpack_memberships_contains_paid_content":false,"footnotes":""},"categories":[109,47],"tags":[3109],"class_list":["post-40339","post","type-post","status-publish","format-standard","has-post-thumbnail","hentry","category-minuto-a-minuto","category-zona-gris","tag-comision-estatal-forestal-coesfo"],"jetpack_featured_media_url":"https:\/\/zonaroja.com.mx\/wp-content\/uploads\/2022\/04\/img_3504.jpg","jetpack_sharing_enabled":true,"_links":{"self":[{"href":"https:\/\/zonaroja.com.mx\/index.php?rest_route=\/wp\/v2\/posts\/40339","targetHints":{"allow":["GET"]}}],"collection":[{"href":"https:\/\/zonaroja.com.mx\/index.php?rest_route=\/wp\/v2\/posts"}],"about":[{"href":"https:\/\/zonaroja.com.mx\/index.php?rest_route=\/wp\/v2\/types\/post"}],"author":[{"embeddable":true,"href":"https:\/\/zonaroja.com.mx\/index.php?rest_route=\/wp\/v2\/users\/2"}],"replies":[{"embeddable":true,"href":"https:\/\/zonaroja.com.mx\/index.php?rest_route=%2Fwp%2Fv2%2Fcomments&post=40339"}],"version-history":[{"count":1,"href":"https:\/\/zonaroja.com.mx\/index.php?rest_route=\/wp\/v2\/posts\/40339\/revisions"}],"predecessor-version":[{"id":40340,"href":"https:\/\/zonaroja.com.mx\/index.php?rest_route=\/wp\/v2\/posts\/40339\/revisions\/40340"}],"wp:featuredmedia":[{"embeddable":true,"href":"https:\/\/zonaroja.com.mx\/index.php?rest_route=\/wp\/v2\/media\/40338"}],"wp:attachment":[{"href":"https:\/\/zonaroja.com.mx\/index.php?rest_route=%2Fwp%2Fv2%2Fmedia&parent=40339"}],"wp:term":[{"taxonomy":"category","embeddable":true,"href":"https:\/\/zonaroja.com.mx\/index.php?rest_route=%2Fwp%2Fv2%2Fcategories&post=40339"},{"taxonomy":"post_tag","embeddable":true,"href":"https:\/\/zonaroja.com.mx\/index.php?rest_route=%2Fwp%2Fv2%2Ftags&post=40339"}],"curies":[{"name":"wp","href":"https:\/\/api.w.org\/{rel}","templated":true}]}}