{"id":40344,"date":"2022-04-24T08:46:00","date_gmt":"2022-04-24T13:46:00","guid":{"rendered":"http:\/\/www.zonaroja.com.mx\/?p=40344"},"modified":"2022-04-24T13:53:53","modified_gmt":"2022-04-24T18:53:53","slug":"hoy-primer-debate-de-candidatos-a-la-gubernatura-de-oaxaca","status":"publish","type":"post","link":"https:\/\/zonaroja.com.mx\/?p=40344","title":{"rendered":"Sin cambios, primer debate de candidatos a la gubernatura de Oaxaca"},"content":{"rendered":"\n<p>Redacci\u00f3n\/Zona Roja.<\/p>\n\n\n\n<p>Oaxaca de Ju\u00e1rez, Oax., 24 de abril de 2022.- Pese al anuncio de Salom\u00f3n Jara Cruz &#8211;secundado por Alejandro Avil\u00e9s \u00c1lvarez&#8211;, de no acudir al debate por el deceso de su padre Mois\u00e9s Jara Bola\u00f1os, el programa contin\u00faa sin cambios, confirm\u00f3 el Instituto Estatal Electoral y de Participaci\u00f3n Ciudadana de Oaxaca (IEEPCO).<\/p>\n\n\n\n<p>A trav\u00e9s de la Comisi\u00f3n Temporal de Comunicaci\u00f3n, ayer anunci\u00f3 que se encuentra todo listo para la realizaci\u00f3n del Primer Debate entre candidatas y candidatos a la gubernatura. \u00a0\u00a0<\/p>\n\n\n\n<p>Lo anterior en cumplimiento con el calendario del Proceso Electoral Ordinario 2021-2022 y teniendo como marco las instalaciones de la Corporaci\u00f3n Oaxaque\u00f1a de Radio y Televisi\u00f3n (Cortv) que iniciar\u00e1 la transmisi\u00f3n en punto de las 18:00 horas. &nbsp;&nbsp;<\/p>\n\n\n\n<p>El consejero electoral y presidente de la Comisi\u00f3n de Comunicaci\u00f3n, Alejandro Carrasco Sampedro, asegur\u00f3 que el total de las candidaturas registradas y validadas ante el IEEPCO confirm\u00f3 hasta ayer su asistencia en este primer ejercicio democr\u00e1tico que tiene como principal objetivo proporcionar informaci\u00f3n a la sociedad oaxaque\u00f1a que le permita emitir un voto libre e informado en la jornada electoral del 5 de junio.\u00a0 \u00a0\u00a0<\/p>\n\n\n\n<p>As\u00ed mismo, dio a conocer que en esta ocasi\u00f3n las candidatas y candidatos presentar\u00e1n sus propuestas en torno a Seguridad, Igualdad entre Hombres y Mujeres, as\u00ed como Atenci\u00f3n a Poblaci\u00f3n en Situaci\u00f3n de Vulnerabilidad, temas derivados del sorteo realizado en presencia de representaciones de los partidos pol\u00edticos y candidatos independientes ind\u00edgenas. &nbsp;&nbsp;<\/p>\n\n\n\n<p>Carrasco Sampedro detall\u00f3 que el formato del debate plantea una duraci\u00f3n de dos horas y que la moderaci\u00f3n estar\u00e1 a cargo de la periodista mexicana Julieta Lujambio Fuentes, que cuenta con experiencia en la conducci\u00f3n de estos ejercicios democr\u00e1ticos.&nbsp; &nbsp;&nbsp;<\/p>\n\n\n\n<p>Finalmente, el consejero electoral manifest\u00f3 que el \u00f3rgano electoral est\u00e1 comprometido con el respeto a las comunidades y pueblos ind\u00edgenas, raz\u00f3n por la que ha garantizado la transmisi\u00f3n simult\u00e1nea en lenguas ind\u00edgenas, siendo el canal oficial de YouTube del \u00f3rgano electoral donde la ciudadan\u00eda podr\u00e1 ver las traducciones en zapoteco, mixteco y mazateco.&nbsp; &nbsp;&nbsp;<\/p>\n\n\n\n<p>Cabe se\u00f1alar que, independientemente de las frecuencias de radio y televisi\u00f3n de CORTV, el primer debate a la gubernatura ser\u00e1 transmitido en las cuentas oficiales de Facebook, Twitter e Instagram del IEEPCO.\u00a0<\/p>\n\n\n\n<p>Por otra parte, la ma\u00f1ana de hoy, el equipo de campa\u00f1a de Salom\u00f3n Jara anunci\u00f3 que por el sepelio de don Mois\u00e9s Jara Bola\u00f1os, se suspende todo acto proselitista hasta nuevo aviso; lo cual fue confirmado posteriormente por el candidato.<\/p>\n\n\n\n<p>Tras ello, Alejandro Avil\u00e9s, del PRI-PRD, dijo que por respeto y solidaridad, tampoco acudir\u00eda al debate programado para este d\u00eda; en tanto que Natividad D\u00edaz Jim\u00e9nez, del PAN, hab\u00eda pedido en la ma\u00f1ana la cancelaci\u00f3n de este ejercicio.<\/p>\n\n\n\n<p>No obstante, de acuerdo con el reglamento aprobado para este debate, se puede realizar hasta con dos contendientes, por lo cual contin\u00faa programada su realizaci\u00f3n.<\/p>\n","protected":false},"excerpt":{"rendered":"<p>Redacci\u00f3n\/Zona Roja. Oaxaca de Ju\u00e1rez, Oax., 24 de abril de 2022.- Pese al anuncio de&hellip;<\/p>\n","protected":false},"author":2,"featured_media":40345,"comment_status":"closed","ping_status":"open","sticky":false,"template":"","format":"standard","meta":{"_lmt_disableupdate":"","_lmt_disable":"","_jetpack_memberships_contains_paid_content":false,"footnotes":""},"categories":[109,46],"tags":[2932],"class_list":["post-40344","post","type-post","status-publish","format-standard","has-post-thumbnail","hentry","category-minuto-a-minuto","category-zona-blanca","tag-instituto-estatal-electoral-y-de-participacion-ciudadana-de-oaxaca-ieepco"],"jetpack_featured_media_url":"https:\/\/zonaroja.com.mx\/wp-content\/uploads\/2022\/04\/IEEPCO-debate-candidatos-gubernatura.jpg","jetpack_sharing_enabled":true,"_links":{"self":[{"href":"https:\/\/zonaroja.com.mx\/index.php?rest_route=\/wp\/v2\/posts\/40344","targetHints":{"allow":["GET"]}}],"collection":[{"href":"https:\/\/zonaroja.com.mx\/index.php?rest_route=\/wp\/v2\/posts"}],"about":[{"href":"https:\/\/zonaroja.com.mx\/index.php?rest_route=\/wp\/v2\/types\/post"}],"author":[{"embeddable":true,"href":"https:\/\/zonaroja.com.mx\/index.php?rest_route=\/wp\/v2\/users\/2"}],"replies":[{"embeddable":true,"href":"https:\/\/zonaroja.com.mx\/index.php?rest_route=%2Fwp%2Fv2%2Fcomments&post=40344"}],"version-history":[{"count":2,"href":"https:\/\/zonaroja.com.mx\/index.php?rest_route=\/wp\/v2\/posts\/40344\/revisions"}],"predecessor-version":[{"id":40371,"href":"https:\/\/zonaroja.com.mx\/index.php?rest_route=\/wp\/v2\/posts\/40344\/revisions\/40371"}],"wp:featuredmedia":[{"embeddable":true,"href":"https:\/\/zonaroja.com.mx\/index.php?rest_route=\/wp\/v2\/media\/40345"}],"wp:attachment":[{"href":"https:\/\/zonaroja.com.mx\/index.php?rest_route=%2Fwp%2Fv2%2Fmedia&parent=40344"}],"wp:term":[{"taxonomy":"category","embeddable":true,"href":"https:\/\/zonaroja.com.mx\/index.php?rest_route=%2Fwp%2Fv2%2Fcategories&post=40344"},{"taxonomy":"post_tag","embeddable":true,"href":"https:\/\/zonaroja.com.mx\/index.php?rest_route=%2Fwp%2Fv2%2Ftags&post=40344"}],"curies":[{"name":"wp","href":"https:\/\/api.w.org\/{rel}","templated":true}]}}