{"id":40352,"date":"2022-04-23T22:11:56","date_gmt":"2022-04-24T03:11:56","guid":{"rendered":"https:\/\/www.zonaroja.com.mx\/?p=40352"},"modified":"2022-04-23T22:15:58","modified_gmt":"2022-04-24T03:15:58","slug":"40352","status":"publish","type":"post","link":"https:\/\/zonaroja.com.mx\/?p=40352","title":{"rendered":"Ofrece Salom\u00f3n Jara devolver la paz y la tranquilidad a las familias oaxaque\u00f1as"},"content":{"rendered":"\n<p>Redacci\u00f3n\/Zona Roja.&nbsp;<\/p>\n\n\n\n<p>Oaxaca de Ju\u00e1rez, Oax., 23 de abril de 2022.- Vamos a reasumir la responsabilidad de garantizar la paz y la tranquilidad en el estado, para que las y los oaxaque\u00f1os transiten con seguridad en las calles y carreteras, en transporte p\u00fablico o privado, al acudir al trabajo o a la escuela, en su negocio o en su hogar, asegur\u00f3 Salom\u00f3n Jara Cruz, candidato de la coalici\u00f3n \u201cJuntos Hacemos Historia\u201d.&nbsp;<\/p>\n\n\n\n<p>En la regi\u00f3n de Valles Centrales, dijo que la promoci\u00f3n de la seguridad y la lucha contra impunidad ser\u00e1n ejes estrat\u00e9gicos de su administraci\u00f3n, \u201cla ineficacia del gobierno ya no ser\u00e1 un incentivo ni un pretexto para los delincuentes\u201d.&nbsp;<\/p>\n\n\n\n<p>Inform\u00f3 que la Mesa Estatal de Seguridad se reunir\u00e1 todos los d\u00edas desde las seis de la ma\u00f1ana y se promover\u00e1 en las ocho regiones del Estado.<\/p>\n\n\n\n<p>\u201cDebemos revalorar y dignificar la labor policial; erradicar la corrupci\u00f3n y garantizar que quienes procuran e imparten justicia se gu\u00eden por principios y valores como la honestidad, la legalidad y la justicia\u201d, mencion\u00f3.<\/p>\n\n\n\n<p>En este sentido, continu\u00f3, capacitaremos y equiparemos tecnol\u00f3gicamente a la polic\u00eda estatal, para convertirla en una instituci\u00f3n de seguridad profesional, eficaz y respetuosa de los derechos humanos.<\/p>\n\n\n\n<p>Adem\u00e1s, detall\u00f3, se realizar\u00e1 una campa\u00f1a de sensibilizaci\u00f3n para motivar a que las v\u00edctimas de delitos denuncien y se emprender\u00e1 una cruzada estatal para abatir el rezago y dar un ejemplo claro y contundente de que es posible cumplir con las necesidades de la gente en materia de seguridad y justicia.&nbsp;<\/p>\n\n\n\n<p>Paralelamente, explic\u00f3, mejoraremos el alumbrado, incrementaremos el patrullaje y la vigilancia en la v\u00eda p\u00fablica, se aumentar\u00e1 la instalaci\u00f3n de c\u00e1maras de video y se modernizar\u00e1 el Centro de Control Comando y Comunicaci\u00f3n (C4).<\/p>\n\n\n\n<p>Resalt\u00f3 que, tal y como lo ha hecho el gobierno de la rep\u00fablica, replantear\u00e1 la estrategia de seguridad estatal y se concentrar\u00e1 en las causas estructurales que dan lugar a la violencia y a la inseguridad.<\/p>\n\n\n\n<p>\u201cDe manera urgente, daremos un cambio de rumbo en la estrategia de seguridad instrumentada a nivel estatal, particularmente para detener la ola de violencia contra ni\u00f1as y mujeres e incrementar el nivel de confianza ciudadana en las autoridades de administraci\u00f3n y procuraci\u00f3n de justicia\u201d, finaliz\u00f3 el abanderado de la Coalici\u00f3n \u201cJuntos Hacemos Historia\u201d, Salom\u00f3n Jara Cruz.<\/p>\n","protected":false},"excerpt":{"rendered":"<p>Redacci\u00f3n\/Zona Roja.&nbsp; Oaxaca de Ju\u00e1rez, Oax., 23 de abril de 2022.- Vamos a reasumir la&hellip;<\/p>\n","protected":false},"author":2,"featured_media":40351,"comment_status":"closed","ping_status":"open","sticky":false,"template":"","format":"standard","meta":{"_lmt_disableupdate":"","_lmt_disable":"","_jetpack_memberships_contains_paid_content":false,"footnotes":""},"categories":[109,46],"tags":[939],"class_list":["post-40352","post","type-post","status-publish","format-standard","has-post-thumbnail","hentry","category-minuto-a-minuto","category-zona-blanca","tag-salomon-jara-cruz"],"jetpack_featured_media_url":"https:\/\/zonaroja.com.mx\/wp-content\/uploads\/2022\/04\/15a0b0c5-1c4a-42af-88e5-38ac3d266cab.jpg","jetpack_sharing_enabled":true,"_links":{"self":[{"href":"https:\/\/zonaroja.com.mx\/index.php?rest_route=\/wp\/v2\/posts\/40352","targetHints":{"allow":["GET"]}}],"collection":[{"href":"https:\/\/zonaroja.com.mx\/index.php?rest_route=\/wp\/v2\/posts"}],"about":[{"href":"https:\/\/zonaroja.com.mx\/index.php?rest_route=\/wp\/v2\/types\/post"}],"author":[{"embeddable":true,"href":"https:\/\/zonaroja.com.mx\/index.php?rest_route=\/wp\/v2\/users\/2"}],"replies":[{"embeddable":true,"href":"https:\/\/zonaroja.com.mx\/index.php?rest_route=%2Fwp%2Fv2%2Fcomments&post=40352"}],"version-history":[{"count":2,"href":"https:\/\/zonaroja.com.mx\/index.php?rest_route=\/wp\/v2\/posts\/40352\/revisions"}],"predecessor-version":[{"id":40354,"href":"https:\/\/zonaroja.com.mx\/index.php?rest_route=\/wp\/v2\/posts\/40352\/revisions\/40354"}],"wp:featuredmedia":[{"embeddable":true,"href":"https:\/\/zonaroja.com.mx\/index.php?rest_route=\/wp\/v2\/media\/40351"}],"wp:attachment":[{"href":"https:\/\/zonaroja.com.mx\/index.php?rest_route=%2Fwp%2Fv2%2Fmedia&parent=40352"}],"wp:term":[{"taxonomy":"category","embeddable":true,"href":"https:\/\/zonaroja.com.mx\/index.php?rest_route=%2Fwp%2Fv2%2Fcategories&post=40352"},{"taxonomy":"post_tag","embeddable":true,"href":"https:\/\/zonaroja.com.mx\/index.php?rest_route=%2Fwp%2Fv2%2Ftags&post=40352"}],"curies":[{"name":"wp","href":"https:\/\/api.w.org\/{rel}","templated":true}]}}