{"id":40358,"date":"2022-04-24T06:47:21","date_gmt":"2022-04-24T11:47:21","guid":{"rendered":"http:\/\/www.zonaroja.com.mx\/?p=40358"},"modified":"2022-04-24T06:47:22","modified_gmt":"2022-04-24T11:47:22","slug":"arrecia-pleito-en-la-4t-scherer-denuncia-a-fiscal-gertz-manero","status":"publish","type":"post","link":"https:\/\/zonaroja.com.mx\/?p=40358","title":{"rendered":"Arrecia pleito en la 4T: Scherer denuncia a fiscal Gertz Manero"},"content":{"rendered":"\n<p>Redacci\u00f3n\/Zona Roja.<\/p>\n\n\n\n<p>Ciudad de M\u00e9xico, 24 de abril de 2022.-Julio Scherer Ibarra, exconsejero jur\u00eddico de la Presidencia, present\u00f3 una denuncia en contra del fiscal General de la Rep\u00fablica, Alejandro Gertz Manero, por tr\u00e1fico de influencias.<\/p>\n\n\n\n<p>De acuerdo con la revista Proceso, la denuncia fue interpuesta ayer viernes 22 de abril a las 11:00 horas ante la Fiscal\u00eda Especializada\u00ad en Materia\u00ad de Combate a la Corrupci\u00f3n de la propia FGR.<\/p>\n\n\n\n<p>La acusaci\u00f3n, detalla Proceso, expone el modus operandi y otras conductas delictivas que podr\u00edan impu\u00adt\u00e1rsele a Gertz Manero y a varios de sus colaboradores, como coalici\u00f3n de servidores p\u00fablicos y asociaci\u00f3n delictuosa.<\/p>\n\n\n\n<p>Adem\u00e1s, aborda las presuntas maniobras que el fiscal ha empleado desde la FGR para \u201clitigar casos personales y obtener beneficios\u201d.<\/p>\n\n\n\n<p>En el texto tambi\u00e9n se\u00f1ala como coimputado de Gertz al subprocurador de Control Competencial de la Fiscal\u00eda, Juan Ramos L\u00f3pez, al considerarlo como el brazo derecho del fiscal.<\/p>\n\n\n\n<p>\u201cEl fiscal general de la Rep\u00fablica, el doctor Alejandro Gertz Manero; el fiscal de Control Competencial, el se\u00f1or Juan Ramos L\u00f3pez, y otros servidores p\u00fablicos de la instituci\u00f3n deben responder\u2026 por las faltas, omisiones y violaciones sistem\u00e1ticas graves a los derechos humanos, a la ley en perjuicio del suscrito y de otras personas, as\u00ed como a los principios que debieron regir su actuar\u201d, se\u00f1ala la denuncia.<\/p>\n\n\n\n<p>Asimismo, Scherer Ibarra acusa a los tres fiscales de la FGR que buscaron imputar los delitos de tr\u00e1fico de influencias, extorsi\u00f3n, lavado de dinero y delincuencia organizada a cuatro abogados que han laborado en los mismos despachos que el exconsejero jur\u00eddico de la Presidencia.<\/p>\n\n\n\n<p>\u201cLos se\u00f1alados son la fiscal de Asuntos Internos de la FGR, Adriana Campos L\u00f3pez; el fiscal de Asuntos Especiales de la FGR, Manuel Granados Quiroz, y la ministerio p\u00fablico Mar\u00eda Eugenia Casta\u00f1\u00f3n Osorio\u201d, especifica Proceso.<\/p>\n\n\n\n<p>En la denuncia, el exconsejero jur\u00eddico de la Presidencia se\u00f1ala al fiscal de ser un hombre \u201cparcial, vengativo y envenenado\u201d que ha utilizado a la FGR para litigar sus asuntos personales, como el caso de Alejandra Cuevas y su madre.<\/p>\n\n\n\n<p>(Informaci\u00f3n de \u201cEl Financiero\u201d)<\/p>\n","protected":false},"excerpt":{"rendered":"<p>Redacci\u00f3n\/Zona Roja. Ciudad de M\u00e9xico, 24 de abril de 2022.-Julio Scherer Ibarra, exconsejero jur\u00eddico de&hellip;<\/p>\n","protected":false},"author":2,"featured_media":40359,"comment_status":"closed","ping_status":"open","sticky":false,"template":"","format":"standard","meta":{"_lmt_disableupdate":"","_lmt_disable":"","_jetpack_memberships_contains_paid_content":false,"footnotes":""},"categories":[109,47],"tags":[1266],"class_list":["post-40358","post","type-post","status-publish","format-standard","has-post-thumbnail","hentry","category-minuto-a-minuto","category-zona-gris","tag-alejandro-gertz-manero"],"jetpack_featured_media_url":"https:\/\/zonaroja.com.mx\/wp-content\/uploads\/2022\/04\/Julio-Scherer-Gertz-Manero.jpg","jetpack_sharing_enabled":true,"_links":{"self":[{"href":"https:\/\/zonaroja.com.mx\/index.php?rest_route=\/wp\/v2\/posts\/40358","targetHints":{"allow":["GET"]}}],"collection":[{"href":"https:\/\/zonaroja.com.mx\/index.php?rest_route=\/wp\/v2\/posts"}],"about":[{"href":"https:\/\/zonaroja.com.mx\/index.php?rest_route=\/wp\/v2\/types\/post"}],"author":[{"embeddable":true,"href":"https:\/\/zonaroja.com.mx\/index.php?rest_route=\/wp\/v2\/users\/2"}],"replies":[{"embeddable":true,"href":"https:\/\/zonaroja.com.mx\/index.php?rest_route=%2Fwp%2Fv2%2Fcomments&post=40358"}],"version-history":[{"count":1,"href":"https:\/\/zonaroja.com.mx\/index.php?rest_route=\/wp\/v2\/posts\/40358\/revisions"}],"predecessor-version":[{"id":40360,"href":"https:\/\/zonaroja.com.mx\/index.php?rest_route=\/wp\/v2\/posts\/40358\/revisions\/40360"}],"wp:featuredmedia":[{"embeddable":true,"href":"https:\/\/zonaroja.com.mx\/index.php?rest_route=\/wp\/v2\/media\/40359"}],"wp:attachment":[{"href":"https:\/\/zonaroja.com.mx\/index.php?rest_route=%2Fwp%2Fv2%2Fmedia&parent=40358"}],"wp:term":[{"taxonomy":"category","embeddable":true,"href":"https:\/\/zonaroja.com.mx\/index.php?rest_route=%2Fwp%2Fv2%2Fcategories&post=40358"},{"taxonomy":"post_tag","embeddable":true,"href":"https:\/\/zonaroja.com.mx\/index.php?rest_route=%2Fwp%2Fv2%2Ftags&post=40358"}],"curies":[{"name":"wp","href":"https:\/\/api.w.org\/{rel}","templated":true}]}}