{"id":40364,"date":"2022-04-24T07:01:21","date_gmt":"2022-04-24T12:01:21","guid":{"rendered":"http:\/\/www.zonaroja.com.mx\/?p=40364"},"modified":"2022-04-24T07:01:22","modified_gmt":"2022-04-24T12:01:22","slug":"caravana-de-indocumentados-interceptan-a-330-en-puebla-y-99-en-coahuila","status":"publish","type":"post","link":"https:\/\/zonaroja.com.mx\/?p=40364","title":{"rendered":"\u00a1Caravana de indocumentados! Interceptan a 330 en Puebla y 99 en Coahuila"},"content":{"rendered":"\n<p>Redacci\u00f3n\/Zona Roja Cdmx.<\/p>\n\n\n\n<p>Ciudad de M\u00e9xico, 24 de abril de 2022.- El Instituto Nacional de Migraci\u00f3n (INM) inform\u00f3 que se interceptaron ayer en el estado de Puebla a 330 personas que cruzaban el pa\u00eds de manera irregular, lo que calific\u00f3 como \u201cun hecho hist\u00f3rico\u201d, pues al menos en los \u00faltimos tres a\u00f1os no se hab\u00eda registrado un n\u00famero tan alto.<\/p>\n\n\n\n<p>A trav\u00e9s de un comunicado, el instituto que depende de la Secretar\u00eda de Gobernaci\u00f3n (Segob), detall\u00f3 que fue gracias a una llamada al 911 que se denunci\u00f3 el traslado de un gran n\u00famero de migrantes centroamericanos en la autopista Puebla-Orizaba, en la frontera con el estado de Veracruz.<\/p>\n\n\n\n<p>De inmediato se despleg\u00f3 un operativo a\u00e9reo y en tierra, con el apoyo de la Guardia Nacional (GN), donde se descubri\u00f3 que iban a bordo de camionetas tipo Urvan, as\u00ed como veh\u00edculos particulares.<\/p>\n\n\n\n<p>\u201cTodas las personas con estancia irregular en el territorio nacional viajaban en 11 camionetas y dos autom\u00f3viles particulares sobre dicha autopista [&#8230;] Su localizaci\u00f3n deriv\u00f3 de las labores de inteligencia en las que intervinieron elementos del INM y de la Guardia Nacional, as\u00ed como de la polic\u00eda estatal\u201d<\/p>\n\n\n\n<p>Entre los migrantes, seg\u00fan el INM, hab\u00eda 108 cubanos, 14 ecuatorianos, 55 salvadore\u00f1os, 44 nicarag\u00fcenses, 36 guatemaltecos y 73 hondure\u00f1os.<\/p>\n\n\n\n<p>El instituto no aclar\u00f3 cu\u00e1l ser\u00e1 el destino de los 330 migrantes interceptados ni su estatus migratorio.<\/p>\n\n\n\n<p>Por otra parte, tambi\u00e9n se dio a conocer la detenci\u00f3n de 19 sujetos: 15 de Chiapas, tres de Veracruz y una de Hidalgo, por el probable delito de tr\u00e1fico de personas, por lo que quedaron a disposici\u00f3n de la Fiscal\u00eda General de la Rep\u00fablica (FGR). Adem\u00e1s del decomiso de los 13 veh\u00edculos.<\/p>\n\n\n\n<p>El hecho es un reflejo del flujo migratorio r\u00e9cord hacia Estados Unidos, cuya Oficina de Aduanas y Protecci\u00f3n Fronteriza (CBP, por sus siglas en ingl\u00e9s) detect\u00f3 a m\u00e1s de 1.7 millones de personas indocumentadas en la frontera con M\u00e9xico en el a\u00f1o fiscal 2021, que termin\u00f3 el 30 de septiembre<\/p>\n\n\n\n<p>En tanto, el Gobierno de M\u00e9xico deport\u00f3 a m\u00e1s de 114 mil extranjeros en 2021, seg\u00fan datos de la Segob.<\/p>\n\n\n\n<p>Asimismo, el Ej\u00e9rcito tiene desplegados m\u00e1s de 28 mil de sus miembros en tareas de migraci\u00f3n en las fronteras norte y sur, seg\u00fan revel\u00f3 la Secretar\u00eda de la Defensa Nacional (Sedena) esta semana.<\/p>\n\n\n\n<p>Y EN COAHUILA<\/p>\n\n\n\n<p>Por otra parte, en el estado de Coahuila se aseguraron durante la madrugada de este s\u00e1bado un total de 99 migrantes por elementos de la Polic\u00eda Estatal.<\/p>\n\n\n\n<p>De acuerdo con los reportes, todo ocurri\u00f3 cerca de las 04:00 de la ma\u00f1ana sobre el perif\u00e9rico Luis Echeverr\u00eda y Javier Garc\u00eda Villarreal, luego de un ret\u00e9n de seguridad de la Polic\u00eda Civil de Coahuila (PCC).<\/p>\n\n\n\n<p>Se detall\u00f3 que se trasladaban de Torre\u00f3n a Nuevo Laredo dentro de una caja de tr\u00e1iler en condiciones de hacinamiento. Tanto el conductor como la unidad quedaron a disposici\u00f3n de la Fiscal\u00eda General de la Rep\u00fablica (FGR), por el delito de tr\u00e1fico de humanos.<\/p>\n\n\n\n<p>Todas las personas en los dos operativos fueron trasladadas a las delegaciones migratorias correspondientes para acreditar su estancia legal, o en su caso, comenzar la deportaci\u00f3n a sus pa\u00edses de origen.<\/p>\n\n\n\n<p>(Informaci\u00f3n de Infobae M\u00e9xico)<\/p>\n","protected":false},"excerpt":{"rendered":"<p>Redacci\u00f3n\/Zona Roja Cdmx. Ciudad de M\u00e9xico, 24 de abril de 2022.- El Instituto Nacional de&hellip;<\/p>\n","protected":false},"author":2,"featured_media":40365,"comment_status":"closed","ping_status":"open","sticky":false,"template":"","format":"standard","meta":{"_lmt_disableupdate":"","_lmt_disable":"","_jetpack_memberships_contains_paid_content":false,"footnotes":""},"categories":[46],"tags":[204],"class_list":["post-40364","post","type-post","status-publish","format-standard","has-post-thumbnail","hentry","category-zona-blanca","tag-instituto-nacional-de-migracion"],"jetpack_featured_media_url":"https:\/\/zonaroja.com.mx\/wp-content\/uploads\/2022\/04\/Migrantes-330-Puebla.jpg","jetpack_sharing_enabled":true,"_links":{"self":[{"href":"https:\/\/zonaroja.com.mx\/index.php?rest_route=\/wp\/v2\/posts\/40364","targetHints":{"allow":["GET"]}}],"collection":[{"href":"https:\/\/zonaroja.com.mx\/index.php?rest_route=\/wp\/v2\/posts"}],"about":[{"href":"https:\/\/zonaroja.com.mx\/index.php?rest_route=\/wp\/v2\/types\/post"}],"author":[{"embeddable":true,"href":"https:\/\/zonaroja.com.mx\/index.php?rest_route=\/wp\/v2\/users\/2"}],"replies":[{"embeddable":true,"href":"https:\/\/zonaroja.com.mx\/index.php?rest_route=%2Fwp%2Fv2%2Fcomments&post=40364"}],"version-history":[{"count":1,"href":"https:\/\/zonaroja.com.mx\/index.php?rest_route=\/wp\/v2\/posts\/40364\/revisions"}],"predecessor-version":[{"id":40366,"href":"https:\/\/zonaroja.com.mx\/index.php?rest_route=\/wp\/v2\/posts\/40364\/revisions\/40366"}],"wp:featuredmedia":[{"embeddable":true,"href":"https:\/\/zonaroja.com.mx\/index.php?rest_route=\/wp\/v2\/media\/40365"}],"wp:attachment":[{"href":"https:\/\/zonaroja.com.mx\/index.php?rest_route=%2Fwp%2Fv2%2Fmedia&parent=40364"}],"wp:term":[{"taxonomy":"category","embeddable":true,"href":"https:\/\/zonaroja.com.mx\/index.php?rest_route=%2Fwp%2Fv2%2Fcategories&post=40364"},{"taxonomy":"post_tag","embeddable":true,"href":"https:\/\/zonaroja.com.mx\/index.php?rest_route=%2Fwp%2Fv2%2Ftags&post=40364"}],"curies":[{"name":"wp","href":"https:\/\/api.w.org\/{rel}","templated":true}]}}