{"id":40367,"date":"2022-04-24T07:25:45","date_gmt":"2022-04-24T12:25:45","guid":{"rendered":"http:\/\/www.zonaroja.com.mx\/?p=40367"},"modified":"2022-04-24T07:25:47","modified_gmt":"2022-04-24T12:25:47","slug":"ejecutan-a-empresario-en-ocotlan-oaxaca","status":"publish","type":"post","link":"https:\/\/zonaroja.com.mx\/?p=40367","title":{"rendered":"Ejecutan a empresario en Ocotl\u00e1n, Oaxaca"},"content":{"rendered":"\n<p>Redacci\u00f3n\/Zona Roja.<\/p>\n\n\n\n<p>Oaxaca de Ju\u00e1rez, Oax., 24 de abril de 2022.- Un empresario del ramo de materiales para la construcci\u00f3n fue ejecutado ayer en Ocotl\u00e1n de Morelos, municipio de la regi\u00f3n Valles Centrales de Oaxaca.<\/p>\n\n\n\n<p>La v\u00edctima fue identificada como Orlando Jes\u00fas O. V., de 57 a\u00f1os de edad, quien fue atacado por un grupo armado cuando se hallaba en el interior de su camioneta, marca Nissan, tipo NP300, sin placas de circulaci\u00f3n, frente a la gasoliner\u00eda de San Dionisio, Ocotl\u00e1n.<\/p>\n\n\n\n<p>Con un disparo en la cabeza, fue trasladado a un hospital de la ciudad de Oaxaca, donde falleci\u00f3 debido a la gravedad de las lesiones.<\/p>\n\n\n\n<p>La v\u00edctima ten\u00eda su domicilio en el fraccionamiento El Baj\u00edo de Ocotl\u00e1n de Morelos y era propietario de la empresa Aceros y Acabados Dacsur.<\/p>\n\n\n\n<p>Hasta el momento no hay reportes oficiales de detenci\u00f3n de los presuntos sicarios.<\/p>\n","protected":false},"excerpt":{"rendered":"<p>Redacci\u00f3n\/Zona Roja. Oaxaca de Ju\u00e1rez, Oax., 24 de abril de 2022.- Un empresario del ramo&hellip;<\/p>\n","protected":false},"author":2,"featured_media":7486,"comment_status":"closed","ping_status":"open","sticky":false,"template":"","format":"standard","meta":{"_lmt_disableupdate":"","_lmt_disable":"","_jetpack_memberships_contains_paid_content":false,"footnotes":""},"categories":[109,51],"tags":[835],"class_list":["post-40367","post","type-post","status-publish","format-standard","has-post-thumbnail","hentry","category-minuto-a-minuto","category-zona-roja","tag-ocotlan-de-morelos"],"jetpack_featured_media_url":"https:\/\/zonaroja.com.mx\/wp-content\/uploads\/2020\/01\/Escena-del-crimen7.jpg","jetpack_sharing_enabled":true,"_links":{"self":[{"href":"https:\/\/zonaroja.com.mx\/index.php?rest_route=\/wp\/v2\/posts\/40367","targetHints":{"allow":["GET"]}}],"collection":[{"href":"https:\/\/zonaroja.com.mx\/index.php?rest_route=\/wp\/v2\/posts"}],"about":[{"href":"https:\/\/zonaroja.com.mx\/index.php?rest_route=\/wp\/v2\/types\/post"}],"author":[{"embeddable":true,"href":"https:\/\/zonaroja.com.mx\/index.php?rest_route=\/wp\/v2\/users\/2"}],"replies":[{"embeddable":true,"href":"https:\/\/zonaroja.com.mx\/index.php?rest_route=%2Fwp%2Fv2%2Fcomments&post=40367"}],"version-history":[{"count":1,"href":"https:\/\/zonaroja.com.mx\/index.php?rest_route=\/wp\/v2\/posts\/40367\/revisions"}],"predecessor-version":[{"id":40368,"href":"https:\/\/zonaroja.com.mx\/index.php?rest_route=\/wp\/v2\/posts\/40367\/revisions\/40368"}],"wp:featuredmedia":[{"embeddable":true,"href":"https:\/\/zonaroja.com.mx\/index.php?rest_route=\/wp\/v2\/media\/7486"}],"wp:attachment":[{"href":"https:\/\/zonaroja.com.mx\/index.php?rest_route=%2Fwp%2Fv2%2Fmedia&parent=40367"}],"wp:term":[{"taxonomy":"category","embeddable":true,"href":"https:\/\/zonaroja.com.mx\/index.php?rest_route=%2Fwp%2Fv2%2Fcategories&post=40367"},{"taxonomy":"post_tag","embeddable":true,"href":"https:\/\/zonaroja.com.mx\/index.php?rest_route=%2Fwp%2Fv2%2Ftags&post=40367"}],"curies":[{"name":"wp","href":"https:\/\/api.w.org\/{rel}","templated":true}]}}