{"id":40376,"date":"2022-04-25T06:48:00","date_gmt":"2022-04-25T11:48:00","guid":{"rendered":"http:\/\/www.zonaroja.com.mx\/?p=40376"},"modified":"2022-04-25T06:46:07","modified_gmt":"2022-04-25T11:46:07","slug":"culminan-vacaciones-reanudan-clases-manana-en-oaxaca","status":"publish","type":"post","link":"https:\/\/zonaroja.com.mx\/?p=40376","title":{"rendered":"Culminan vacaciones; reanudan clases hoy en Oaxaca"},"content":{"rendered":"\n<p>Redacci\u00f3n\/Zona Roja.<\/p>\n\n\n\n<p>Oaxaca de Ju\u00e1rez, Oax. 25 abril de 2022.- Luego del periodo vacacional del 11 al 22 de abril, este lunes 25 regresan a las actividades educativas 863 mil 388 estudiantes que cursan sus estudios en los planteles de nivel b\u00e1sico, especial, normal y servicios educativos del Consejo Nacional de Fomento Educativo (Conafe), as\u00ed como m\u00e1s de 82 mil trabajadores, entre directivos, docentes y personal de apoyo a la educaci\u00f3n.<\/p>\n\n\n\n<p>En este sentido, el Instituto Estatal de Educaci\u00f3n P\u00fablica de Oaxaca (IEEPO) exhorta a padres, madres de familia y tutores continuar con el acompa\u00f1amiento a ni\u00f1as, ni\u00f1os y j\u00f3venes para concluir con los planes y programas de estudios en los tres \u00faltimos meses del ciclo escolar 2021-2022 que finalizar\u00e1 el 28 de julio, como lo establece el calendario escolar de la Secretar\u00eda de Educaci\u00f3n P\u00fablica (SEP), aplicable para todo el pa\u00eds.<\/p>\n\n\n\n<p>As\u00ed tambi\u00e9n, ante las altas temperaturas que afectan al territorio oaxaque\u00f1o, el IEEPO recomienda a las madres y padres de familia tomen las medidas correspondientes en el cuidado de la salud de las y los escolares y se atiendan las indicaciones de los Servicios de Salud de la entidad.<\/p>\n\n\n\n<p>De igual forma, continuar con los protocolos sanitarios por el Covid-19 como son el uso correcto del cubrebocas, el lavado constante de manos, uso de gel antibacterial y la sana distancia, con el fin de disminuir los riesgos de contagios.<\/p>\n\n\n\n<p>Se deben priorizar el uso de espacios abiertos y fortalecer la implementaci\u00f3n de los tres filtros sanitarios, en la casa, la entrada de la escuela y el sal\u00f3n, donde la participaci\u00f3n de todas y todos es fundamental.<\/p>\n\n\n\n<p>Por lo que corresponde a las clases presenciales en la entidad, continuar\u00e1n de manera gradual, considerando las condiciones propias de cada comunidad y ponderando en todo momento el bienestar de la salud y educaci\u00f3n de estudiantes as\u00ed como de las y los trabajadores de la educaci\u00f3n.<\/p>\n","protected":false},"excerpt":{"rendered":"<p>Redacci\u00f3n\/Zona Roja. Oaxaca de Ju\u00e1rez, Oax. 25 abril de 2022.- Luego del periodo vacacional del&hellip;<\/p>\n","protected":false},"author":2,"featured_media":13037,"comment_status":"closed","ping_status":"open","sticky":false,"template":"","format":"standard","meta":{"_lmt_disableupdate":"","_lmt_disable":"","_jetpack_memberships_contains_paid_content":false,"footnotes":""},"categories":[109,46],"tags":[2837],"class_list":["post-40376","post","type-post","status-publish","format-standard","has-post-thumbnail","hentry","category-minuto-a-minuto","category-zona-blanca","tag-instituto-estatal-de-educacion-publica-de-oaxaca-ieepo"],"jetpack_featured_media_url":"https:\/\/zonaroja.com.mx\/wp-content\/uploads\/2020\/05\/Regreso-a-clases-ni\u00f1os.jpg","jetpack_sharing_enabled":true,"_links":{"self":[{"href":"https:\/\/zonaroja.com.mx\/index.php?rest_route=\/wp\/v2\/posts\/40376","targetHints":{"allow":["GET"]}}],"collection":[{"href":"https:\/\/zonaroja.com.mx\/index.php?rest_route=\/wp\/v2\/posts"}],"about":[{"href":"https:\/\/zonaroja.com.mx\/index.php?rest_route=\/wp\/v2\/types\/post"}],"author":[{"embeddable":true,"href":"https:\/\/zonaroja.com.mx\/index.php?rest_route=\/wp\/v2\/users\/2"}],"replies":[{"embeddable":true,"href":"https:\/\/zonaroja.com.mx\/index.php?rest_route=%2Fwp%2Fv2%2Fcomments&post=40376"}],"version-history":[{"count":2,"href":"https:\/\/zonaroja.com.mx\/index.php?rest_route=\/wp\/v2\/posts\/40376\/revisions"}],"predecessor-version":[{"id":40392,"href":"https:\/\/zonaroja.com.mx\/index.php?rest_route=\/wp\/v2\/posts\/40376\/revisions\/40392"}],"wp:featuredmedia":[{"embeddable":true,"href":"https:\/\/zonaroja.com.mx\/index.php?rest_route=\/wp\/v2\/media\/13037"}],"wp:attachment":[{"href":"https:\/\/zonaroja.com.mx\/index.php?rest_route=%2Fwp%2Fv2%2Fmedia&parent=40376"}],"wp:term":[{"taxonomy":"category","embeddable":true,"href":"https:\/\/zonaroja.com.mx\/index.php?rest_route=%2Fwp%2Fv2%2Fcategories&post=40376"},{"taxonomy":"post_tag","embeddable":true,"href":"https:\/\/zonaroja.com.mx\/index.php?rest_route=%2Fwp%2Fv2%2Ftags&post=40376"}],"curies":[{"name":"wp","href":"https:\/\/api.w.org\/{rel}","templated":true}]}}