{"id":40378,"date":"2022-04-24T19:43:08","date_gmt":"2022-04-25T00:43:08","guid":{"rendered":"http:\/\/www.zonaroja.com.mx\/?p=40378"},"modified":"2022-04-24T19:43:10","modified_gmt":"2022-04-25T00:43:10","slug":"pierde-sociedad-oaxaquena-con-cancelacion-de-debate-electoral-ieepco","status":"publish","type":"post","link":"https:\/\/zonaroja.com.mx\/?p=40378","title":{"rendered":"Pierde sociedad oaxaque\u00f1a con cancelaci\u00f3n de debate electoral: IEEPCO"},"content":{"rendered":"\n<p>Ismael Garc\u00eda M.\/Zona Roja.<\/p>\n\n\n\n<p>Oaxaca de Ju\u00e1rez, Oax., 24 de abril de 2022.- Tras la suspensi\u00f3n del debate que se realizar\u00eda hoy entre candidatos a la gubernatura de Oaxaca, la presidenta del Consejo General del IEEPCO, Elizabeth S\u00e1nchez Gonz\u00e1lez, consider\u00f3 que pierde la sociedad, porque era una oportunidad para que conociera las propuestas de los aspirantes.<\/p>\n\n\n\n<p>Sobre todo porque se tratar\u00edan temas fundamentales que preocupan a todos, como igualdad de g\u00e9nero y no discriminaci\u00f3n, grupos en situaci\u00f3n de vulnerabilidad y la seguridad p\u00fablica del estado, dijo.<\/p>\n\n\n\n<p>Y es que por la ma\u00f1ana de hoy tras el fallecimiento de don Mois\u00e9s Jara Bola\u00f1os, padre de Salom\u00f3n Jara Cruz, el candidato de Morena-PT-PVEM-PUP inform\u00f3 que cancelaba todas las actividades de campa\u00f1a hasta nuevo aviso, entre ellos su participaci\u00f3n en el debate.<\/p>\n\n\n\n<p>A ello se sum\u00f3 Alejandro Avil\u00e9s \u00c1lvarez, del PRI-PRD, quien dijo que por respeto y en solidaridad con Jara Cruz, tambi\u00e9n declinaba acudir a esta exposici\u00f3n de ideas.<\/p>\n\n\n\n<p>De los dem\u00e1s aspirantes a la gubernatura no se tuvo mayor conocimiento; fue a las 18:00 horas de hoy en que se presentaron a la sede de la Corporaci\u00f3n Oaxaque\u00f1a de Radio y Televisi\u00f3n, Alejandra Garc\u00eda Morl\u00e1n, de Movimiento Ciudadano, y Bersah\u00edn L\u00f3pez, de Nueva Alianza, con los cuales se realizar\u00eda el ejercicio democr\u00e1tico.<\/p>\n\n\n\n<figure class=\"wp-block-embed is-type-rich is-provider-twitter wp-block-embed-twitter\"><div class=\"wp-block-embed__wrapper\">\n<div class=\"twitter-tweet\"><blockquote class=\"twitter-tweet\" data-lang=\"es\"><p lang=\"es\" dir=\"ltr\"><a href=\"https:\/\/twitter.com\/hashtag\/%C3%9AltimoMinuto?src=hash&amp;ref_src=twsrc%5Etfw\">#\u00daltimoMinuto<\/a> <br>La no realizaci\u00f3n del debate de hoy, impacta en la sociedad, porque se iban a tratar temas torales para los oaxaque\u00f1os, consider\u00f3 la presidenta del <a href=\"https:\/\/twitter.com\/IEEPCO?ref_src=twsrc%5Etfw\">@IEEPCO<\/a>, <a href=\"https:\/\/twitter.com\/Bidxa_a?ref_src=twsrc%5Etfw\">@Bidxa_a<\/a>; dijo que la comisi\u00f3n respectiva analizar\u00e1 lo procedente.<a href=\"https:\/\/twitter.com\/hashtag\/EleccionesOaxaca2022?src=hash&amp;ref_src=twsrc%5Etfw\">#EleccionesOaxaca2022<\/a> <a href=\"https:\/\/t.co\/z0X3WqRck8\">pic.twitter.com\/z0X3WqRck8<\/a><\/p>&mdash; Zona Roja Oaxaca (@ZonaRoja_Oaxaca) <a href=\"https:\/\/twitter.com\/ZonaRoja_Oaxaca\/status\/1518384157931548673?ref_src=twsrc%5Etfw\">25 de abril de 2022<\/a><\/blockquote><\/div>\n<\/div><\/figure>\n\n\n\n<p>Pero de \u00faltima hora, Garc\u00eda Morl\u00e1n dijo que tambi\u00e9n declinaba participar, por lo cual se tom\u00f3 la determinaci\u00f3n de posponer el debate.<\/p>\n\n\n\n<p>\u201cCreo que quien pierde en ese sentido es la ciudadan\u00eda al no escuchar estas propuestas, pues el siguiente debate ser\u00e1n otros los temas las que se van a dar a conocer\u201d, dijo S\u00e1nchez Gonz\u00e1lez.<\/p>\n\n\n\n<p>\u2014Presidenta, \u00bfhay la necesidad de que estos candidatos pidieran disculpas p\u00fablicas por no acudir al debate? \u2014cuestion\u00f3 un reportero, en entrevista colectiva.<\/p>\n\n\n\n<p>\u2014Pues ser\u00eda la sociedad la que tendr\u00eda que valorar; nosotros tenemos un reglamento que dice lo que tenemos que hacer y como ya lo manifestaron los consejeros, la Comisi\u00f3n Temporal de Comunicaci\u00f3n definir\u00e1 qu\u00e9 es lo que procede \u2014respondi\u00f3 la presidenta del IEEPCO.<\/p>\n\n\n\n<p>A\u00f1adi\u00f3 que esta es una situaci\u00f3n inesperada y que ser\u00e1 analizada a detalle; no obstante, el \u00f3rgano cumpli\u00f3 hasta el \u00faltimo momento con la organizaci\u00f3n del debate, expuso.<\/p>\n\n\n\n<p>En un comunicado, el Instituto Estatal Electoral destac\u00f3 su compromiso con la poblaci\u00f3n oaxaque\u00f1a al tener todo listo para realizar estos debates, al tiempo de reconocer el trabajo realizado por el personal de esa instituci\u00f3n como de la Corporaci\u00f3n Oaxaque\u00f1a de Radio y Televisi\u00f3n.<\/p>\n","protected":false},"excerpt":{"rendered":"<p>Ismael Garc\u00eda M.\/Zona Roja. Oaxaca de Ju\u00e1rez, Oax., 24 de abril de 2022.- Tras la&hellip;<\/p>\n","protected":false},"author":2,"featured_media":40379,"comment_status":"closed","ping_status":"open","sticky":false,"template":"","format":"standard","meta":{"_lmt_disableupdate":"","_lmt_disable":"","_jetpack_memberships_contains_paid_content":false,"footnotes":""},"categories":[109,46],"tags":[2879,2924],"class_list":["post-40378","post","type-post","status-publish","format-standard","has-post-thumbnail","hentry","category-minuto-a-minuto","category-zona-blanca","tag-elecciones-oaxaca-2022","tag-elizabeth-sanchez-gonzalez"],"jetpack_featured_media_url":"https:\/\/zonaroja.com.mx\/wp-content\/uploads\/2022\/04\/Debate-cancelado-IEEPCO.jpg","jetpack_sharing_enabled":true,"_links":{"self":[{"href":"https:\/\/zonaroja.com.mx\/index.php?rest_route=\/wp\/v2\/posts\/40378","targetHints":{"allow":["GET"]}}],"collection":[{"href":"https:\/\/zonaroja.com.mx\/index.php?rest_route=\/wp\/v2\/posts"}],"about":[{"href":"https:\/\/zonaroja.com.mx\/index.php?rest_route=\/wp\/v2\/types\/post"}],"author":[{"embeddable":true,"href":"https:\/\/zonaroja.com.mx\/index.php?rest_route=\/wp\/v2\/users\/2"}],"replies":[{"embeddable":true,"href":"https:\/\/zonaroja.com.mx\/index.php?rest_route=%2Fwp%2Fv2%2Fcomments&post=40378"}],"version-history":[{"count":1,"href":"https:\/\/zonaroja.com.mx\/index.php?rest_route=\/wp\/v2\/posts\/40378\/revisions"}],"predecessor-version":[{"id":40380,"href":"https:\/\/zonaroja.com.mx\/index.php?rest_route=\/wp\/v2\/posts\/40378\/revisions\/40380"}],"wp:featuredmedia":[{"embeddable":true,"href":"https:\/\/zonaroja.com.mx\/index.php?rest_route=\/wp\/v2\/media\/40379"}],"wp:attachment":[{"href":"https:\/\/zonaroja.com.mx\/index.php?rest_route=%2Fwp%2Fv2%2Fmedia&parent=40378"}],"wp:term":[{"taxonomy":"category","embeddable":true,"href":"https:\/\/zonaroja.com.mx\/index.php?rest_route=%2Fwp%2Fv2%2Fcategories&post=40378"},{"taxonomy":"post_tag","embeddable":true,"href":"https:\/\/zonaroja.com.mx\/index.php?rest_route=%2Fwp%2Fv2%2Ftags&post=40378"}],"curies":[{"name":"wp","href":"https:\/\/api.w.org\/{rel}","templated":true}]}}