{"id":4038,"date":"2019-09-17T07:33:03","date_gmt":"2019-09-17T12:33:03","guid":{"rendered":"http:\/\/www.zonaroja.com.mx\/?p=4038"},"modified":"2019-09-17T07:33:05","modified_gmt":"2019-09-17T12:33:05","slug":"preven-reducir-recursos-para-educacion-a-nivel-nacional","status":"publish","type":"post","link":"https:\/\/zonaroja.com.mx\/?p=4038","title":{"rendered":"Prev\u00e9n reducir recursos para educaci\u00f3n a nivel nacional"},"content":{"rendered":"\n<p>Redacci\u00f3n\/Zona\nRoja Cdmx.<\/p>\n\n\n\n<p>Ciudad de\nM\u00e9xico, 17 de septiembre de 2019.- El Proyecto de Presupuesto 2020 propone un\nrecorte en Educaci\u00f3n B\u00e1sica del 1.4 por ciento y no contempla las nuevas\nresponsabilidades adquiridas con las recientes reformas al art\u00edculo tercero de\nla Constituci\u00f3n. <\/p>\n\n\n\n<p>En tanto, los\nrecursos al sector de Educaci\u00f3n, Cultura y Deporte aumentar\u00e1n a 807 mil 305\nmillones de pesos, pero el crecimiento real es del 0.5 por ciento. <\/p>\n\n\n\n<p>De acuerdo a\nun an\u00e1lisis del Centro de Investigaci\u00f3n Econ\u00f3mica y Presupuestaria (Ciep), la\nEducaci\u00f3n B\u00e1sica abarca la mayor parte del gasto educativo del pa\u00eds y, sin\nembargo, no fue fortalecido. <\/p>\n\n\n\n<p>La n\u00f3mina de\nlos docentes de este nivel abarca, por medio del programa Fondo de Aportaciones\npara la N\u00f3mina Educativa y el Gasto Operativo (Fone), el 44.3 por del gasto\neducativo del a\u00f1o. <\/p>\n\n\n\n<p>En\ncomparaci\u00f3n con el 2019, el presupuesto para este a\u00f1o anticipa una reducci\u00f3n\ndel 0.4 por ciento en t\u00e9rminos reales para el programa, el cual quedar\u00e1 en 357\nmil 963 millones de pesos y representar\u00e1 el 1.4 por ciento del PIB. <\/p>\n\n\n\n<p>\u00abHay un\ndescenso real para esta subfunci\u00f3n Educaci\u00f3n B\u00e1sica. Reducci\u00f3n que se da en un\ncontexto en el que siete de cada 10 estudiantes de escuelas p\u00fablicas cursan\neducaci\u00f3n b\u00e1sica\u00bb, se\u00f1ala el Ciep. <\/p>\n\n\n\n<p>Destaca que\nhay 11.5 millones de estudiantes de educaci\u00f3n preescolar, primaria y\nsecundaria, pero tambi\u00e9n, agrega, ya se debe considerar a los menores de\neducaci\u00f3n inicial, que van de los 0 a 3 a\u00f1os, y que suman 8.6 millones. <\/p>\n\n\n\n<p>\u00abPese a\nlas necesidades de infraestructura que se vislumbran para impulsar a la\neducaci\u00f3n inicial y a la educaci\u00f3n superior, el Proyecto de Presupuesto\nanticipa que el gasto corriente se mantiene como el principal destino del\ngasto\u00bb, advierte el an\u00e1lisis.<\/p>\n","protected":false},"excerpt":{"rendered":"<p>Redacci\u00f3n\/Zona Roja Cdmx. Ciudad de M\u00e9xico, 17 de septiembre de 2019.- El Proyecto de Presupuesto&hellip;<\/p>\n","protected":false},"author":2,"featured_media":4039,"comment_status":"closed","ping_status":"open","sticky":false,"template":"","format":"standard","meta":{"_lmt_disableupdate":"","_lmt_disable":"","_jetpack_memberships_contains_paid_content":false,"footnotes":""},"categories":[109,47],"tags":[723],"class_list":["post-4038","post","type-post","status-publish","format-standard","has-post-thumbnail","hentry","category-minuto-a-minuto","category-zona-gris","tag-presupuesto-2020"],"jetpack_featured_media_url":"https:\/\/zonaroja.com.mx\/wp-content\/uploads\/2019\/09\/Escuela-alumnos.jpg","jetpack_sharing_enabled":true,"_links":{"self":[{"href":"https:\/\/zonaroja.com.mx\/index.php?rest_route=\/wp\/v2\/posts\/4038","targetHints":{"allow":["GET"]}}],"collection":[{"href":"https:\/\/zonaroja.com.mx\/index.php?rest_route=\/wp\/v2\/posts"}],"about":[{"href":"https:\/\/zonaroja.com.mx\/index.php?rest_route=\/wp\/v2\/types\/post"}],"author":[{"embeddable":true,"href":"https:\/\/zonaroja.com.mx\/index.php?rest_route=\/wp\/v2\/users\/2"}],"replies":[{"embeddable":true,"href":"https:\/\/zonaroja.com.mx\/index.php?rest_route=%2Fwp%2Fv2%2Fcomments&post=4038"}],"version-history":[{"count":1,"href":"https:\/\/zonaroja.com.mx\/index.php?rest_route=\/wp\/v2\/posts\/4038\/revisions"}],"predecessor-version":[{"id":4040,"href":"https:\/\/zonaroja.com.mx\/index.php?rest_route=\/wp\/v2\/posts\/4038\/revisions\/4040"}],"wp:featuredmedia":[{"embeddable":true,"href":"https:\/\/zonaroja.com.mx\/index.php?rest_route=\/wp\/v2\/media\/4039"}],"wp:attachment":[{"href":"https:\/\/zonaroja.com.mx\/index.php?rest_route=%2Fwp%2Fv2%2Fmedia&parent=4038"}],"wp:term":[{"taxonomy":"category","embeddable":true,"href":"https:\/\/zonaroja.com.mx\/index.php?rest_route=%2Fwp%2Fv2%2Fcategories&post=4038"},{"taxonomy":"post_tag","embeddable":true,"href":"https:\/\/zonaroja.com.mx\/index.php?rest_route=%2Fwp%2Fv2%2Ftags&post=4038"}],"curies":[{"name":"wp","href":"https:\/\/api.w.org\/{rel}","templated":true}]}}