{"id":40385,"date":"2022-04-25T07:20:41","date_gmt":"2022-04-25T12:20:41","guid":{"rendered":"http:\/\/www.zonaroja.com.mx\/?p=40385"},"modified":"2022-04-25T07:20:42","modified_gmt":"2022-04-25T12:20:42","slug":"y-cuando-los-universitarios-despertaron-el-cacique-seguia-ahi","status":"publish","type":"post","link":"https:\/\/zonaroja.com.mx\/?p=40385","title":{"rendered":"Y cuando los universitarios despertaron, el cacique segu\u00eda ah\u00ed"},"content":{"rendered":"\n<p>Ismael Garc\u00eda M.\/Zona Roja.<\/p>\n\n\n\n<p>Oaxaca de Ju\u00e1rez, Oax., 25 de abril de 2022.- \u00bfQu\u00e9 pas\u00f3 en la UABJO que de la noche a la ma\u00f1ana el escenario de sucesi\u00f3n cambi\u00f3? El s\u00e1bado 23 de abril, cuando los universitarios despertaban, el cacique segu\u00eda ah\u00ed\u2026 y retomaba el poder.&nbsp;<\/p>\n\n\n\n<p>El d\u00eda anterior, un segundo intento del grupo del STAUO por imponer a Cristian \u00c9der Carre\u00f1o L\u00f3pez como rector, termin\u00f3 en tragedia, al incendiar los cohetes del festejo un hotel a unos pasos de la sede de la supuesta sesi\u00f3n del Consejo Universitario.<\/p>\n\n\n\n<p>A cuatro d\u00edas de ese hecho, no se ha dado a conocer la convocatoria respectiva; no acudi\u00f3 la mitad de la Comisi\u00f3n Electoral; nadie sabe cu\u00e1ntos consejeros acudieron o si hubo qu\u00f3rum y s\u00f3lo se vieron a grupos de estudiantes y \u201cporros\u201d, pues la Universidad se encontraba en receso vacacional. Tampoco ha habido reconocimiento oficial del gobierno.<\/p>\n\n\n\n<p>Pero el s\u00e1bado 23, a las ocho de la ma\u00f1ana, fotograf\u00edas difundidas v\u00eda redes sociales dieron cuenta de la transici\u00f3n: Eduardo Bautista Mart\u00ednez entregaba la estafeta a Cristian \u00c9der Carre\u00f1o, quien sumiso y cabizbajo recib\u00eda el mando de la rector\u00eda.<\/p>\n\n\n\n<p>Con ello s\u00f3lo se confirm\u00f3: el cacique Abraham Mart\u00ednez Alav\u00e9s sigue m\u00e1s vivo que nunca; su grupo dominante, conformado en su mayor\u00eda por porros, vuelve al poder; la academia quedar\u00e1 a un lado y los d\u00edas aciagos vienen, pues el ex rector jubilado pretender\u00e1 ahora subir a su hijo Abraham Mart\u00ednez Helmes de secretario General a rector<\/p>\n\n\n\n<p>SEXENIO TERSO<\/p>\n\n\n\n<p>Eduardo Bautista cumpli\u00f3 su periodo formal de cuatro a\u00f1os el 13 de mayo de 2020. Sin embargo, la situaci\u00f3n de la pandemia por Covid-19 oblig\u00f3 a que su periodo fuera prolongado por el Consejo Universitario hasta casi dos a\u00f1os, debido a la imposibilidad de realizar elecciones presenciales.<\/p>\n\n\n\n<p>Los dos a\u00f1os fueron tersos, as\u00ed como los cuatro anteriores, salvo los tradicionales emplazamientos anuales a huelga de los principales sindicatos y sus derivaciones; Bautista logr\u00f3 mantener la estabilidad de la institucional y la UABJO nunca se par\u00f3 de manera prolongada.<\/p>\n\n\n\n<p>Mucho menos hubo hechos violentos que derivaran en hechos de sangre, acaso el reciente incidente violento aislado en la Facultad de Contadur\u00eda y Administraci\u00f3n, por un asunto interno de elecci\u00f3n de director.<\/p>\n\n\n\n<p>El secreto de la conducci\u00f3n universitaria: mantener el trato terso y de di\u00e1logo con las dem\u00e1s fuerzas universitarias.<\/p>\n\n\n\n<p>En noviembre y diciembre del a\u00f1o pasado, comenzaron las presiones en contra del rector Bautista, que se sumaron a pol\u00edticos externos que pretend\u00edan imponer a un rector, a base de golpeteos.<\/p>\n\n\n\n<p>Fue en una de esas en que Enrique Mart\u00ednez, actual dirigente del Sindicato de Trabajadores Universitarios, visit\u00f3 (de hecho fueron varias veces, y hay testigos) la casona de Polanco en la Ciudad de M\u00e9xico.<\/p>\n\n\n\n<p>El objetivo, pintar a Jos\u00e9 Murat un escenario favorable para que lo apoyara en sus eternas intenciones de llegar a la rector\u00eda, al costo que fuera. Sin embargo, m\u00faltiples se\u00f1alamientos, contra \u00e9l y contra su hermano, cesado \u00e9ste por presunto fraude y desv\u00edo de recursos como director de Obras en la Universidad, impidieron su nominaci\u00f3n.<\/p>\n\n\n\n<p>Se conform\u00f3 con ser integrante del Consejo Estatal de Arbitraje M\u00e9dico, organismo gubernamental, pero desde donde, pese a su car\u00e1cter de funcionario, segu\u00eda el golpeteo contra la UABJO.<\/p>\n\n\n\n<p>Tuvieron que sumarse la ANUIES, diputados federales y locales, principalmente del Partido Morena, para respaldar al entonces rector y a la Universidad, a fin de que cesaran los ataques.<\/p>\n\n\n\n<p>De nuevo vino una andanada el \u00faltimo d\u00eda de diciembre del a\u00f1o pasado, en que detuvieron a Eduardo Mart\u00ednez Helmes, por presunto desfalco de hace varios a\u00f1os, pero m\u00e1s bien para utilizarlo de ariete.<\/p>\n\n\n\n<p>ARRECIAN ATAQUES<\/p>\n\n\n\n<p>Hubo movilizaciones en defensa de Helmes, y tras presiones, o m\u00e1s bien condicionamientos gubernamentales, el ex rector fue puesto en libertad para seguir su proceso en arraigo domiciliario, el 19 de febrero.<\/p>\n\n\n\n<p>O quiz\u00e1 fue la moneda de cambio para presionar a Eduardo Bautista, pues de inmediato vino otra andanada de Enrique Mart\u00ednez y compa\u00f1\u00eda, que culminaron con una falsa sesi\u00f3n de Consejo Universitario, el 1 de abril, en que supuestamente se eligi\u00f3 a Cristian \u00c9der Carre\u00f1o como rector y a Abraham Mart\u00ednez Helmes como secretario General.<\/p>\n\n\n\n<p>Vino la respuesta del a\u00fan rector, que descalific\u00f3 tal encuentro, con el apoyo de la mayor\u00eda de consejeros universitarios, y el respaldo del Gobierno del Estado.<\/p>\n\n\n\n<p>Entonces lleg\u00f3 la \u00faltima arremetida de Abraham Mart\u00ednez Alavez, con las decisiones ya narradas y que culminaron el s\u00e1bado 23 de abril.<\/p>\n\n\n\n<p>\u00bfQU\u00c9 SIGUE?<\/p>\n\n\n\n<p>No se auguran muchos cambios en la Universidad, pues el grupo que lleg\u00f3 al poder se ha caracterizado por sus ambiciones pol\u00edticas y econ\u00f3micas, encabezado siempre por el cacique universitario. Acaso lo \u00fanico que se logr\u00f3 desactivar es una posible elecci\u00f3n violenta, por el contexto de las elecciones a gobernador.<\/p>\n\n\n\n<p>Christian \u00c9der no tendr\u00e1 mayor capacidad de operaci\u00f3n m\u00e1s que obedecer al Estado que lo ayud\u00f3 a imponerse y a lo que ordene el mentor Alav\u00e9s, que ahora va por promover a su hijo Abraham como rector, en un corto lapso.<\/p>\n\n\n\n<p>Y su hijo Eduardo Mart\u00ednez Helmes, a quien ha vilipendiado y ha utilizado como carne de ca\u00f1\u00f3n, ser\u00e1 liberado y exculpado pronto. Por lo pronto, vienen d\u00edas aciagos en la UABJO, en que actores externos, funcionarios de gobierno, regresar\u00e1n con m\u00e1s poder para manipular a sus anchas a los universitarios.&nbsp;<\/p>\n","protected":false},"excerpt":{"rendered":"<p>Ismael Garc\u00eda M.\/Zona Roja. Oaxaca de Ju\u00e1rez, Oax., 25 de abril de 2022.- \u00bfQu\u00e9 pas\u00f3&hellip;<\/p>\n","protected":false},"author":2,"featured_media":7610,"comment_status":"closed","ping_status":"open","sticky":false,"template":"","format":"standard","meta":{"_lmt_disableupdate":"","_lmt_disable":"","_jetpack_memberships_contains_paid_content":false,"footnotes":""},"categories":[456,109,48],"tags":[1353],"class_list":["post-40385","post","type-post","status-publish","format-standard","has-post-thumbnail","hentry","category-columna","category-minuto-a-minuto","category-zona-critica","tag-opinion-zona-critica"],"jetpack_featured_media_url":"https:\/\/zonaroja.com.mx\/wp-content\/uploads\/2020\/01\/Opini\u00f3n-Zona-Cr\u00edtica.jpg","jetpack_sharing_enabled":true,"_links":{"self":[{"href":"https:\/\/zonaroja.com.mx\/index.php?rest_route=\/wp\/v2\/posts\/40385","targetHints":{"allow":["GET"]}}],"collection":[{"href":"https:\/\/zonaroja.com.mx\/index.php?rest_route=\/wp\/v2\/posts"}],"about":[{"href":"https:\/\/zonaroja.com.mx\/index.php?rest_route=\/wp\/v2\/types\/post"}],"author":[{"embeddable":true,"href":"https:\/\/zonaroja.com.mx\/index.php?rest_route=\/wp\/v2\/users\/2"}],"replies":[{"embeddable":true,"href":"https:\/\/zonaroja.com.mx\/index.php?rest_route=%2Fwp%2Fv2%2Fcomments&post=40385"}],"version-history":[{"count":2,"href":"https:\/\/zonaroja.com.mx\/index.php?rest_route=\/wp\/v2\/posts\/40385\/revisions"}],"predecessor-version":[{"id":40398,"href":"https:\/\/zonaroja.com.mx\/index.php?rest_route=\/wp\/v2\/posts\/40385\/revisions\/40398"}],"wp:featuredmedia":[{"embeddable":true,"href":"https:\/\/zonaroja.com.mx\/index.php?rest_route=\/wp\/v2\/media\/7610"}],"wp:attachment":[{"href":"https:\/\/zonaroja.com.mx\/index.php?rest_route=%2Fwp%2Fv2%2Fmedia&parent=40385"}],"wp:term":[{"taxonomy":"category","embeddable":true,"href":"https:\/\/zonaroja.com.mx\/index.php?rest_route=%2Fwp%2Fv2%2Fcategories&post=40385"},{"taxonomy":"post_tag","embeddable":true,"href":"https:\/\/zonaroja.com.mx\/index.php?rest_route=%2Fwp%2Fv2%2Ftags&post=40385"}],"curies":[{"name":"wp","href":"https:\/\/api.w.org\/{rel}","templated":true}]}}