{"id":40393,"date":"2022-04-25T07:01:55","date_gmt":"2022-04-25T12:01:55","guid":{"rendered":"http:\/\/www.zonaroja.com.mx\/?p=40393"},"modified":"2022-04-25T07:01:57","modified_gmt":"2022-04-25T12:01:57","slug":"donald-trump-asegura-que-doblo-a-amlo-y-al-gobierno-de-mexico","status":"publish","type":"post","link":"https:\/\/zonaroja.com.mx\/?p=40393","title":{"rendered":"Donald Trump asegura que dobl\u00f3 a AMLO y al gobierno de M\u00e9xico"},"content":{"rendered":"\n<p>Redacci\u00f3n\/Zona Roja Cdmx<\/p>\n\n\n\n<p>Ciudad de M\u00e9xico.- El expresidente de Estados Unidos, Donald Trump, estuvo en un mitin el s\u00e1bado en apoyo a JD Vance, quien busca sustituir al senador retirado Rob Portman. Durante dicho evento, el exmandatario habl\u00f3 sobre el presidente Joe Biden, criticando las pol\u00edticas en la frontera entre Estados Unidos y M\u00e9xico, y asegur\u00f3 que el \u201cdobl\u00f3\u201d al gobierno de Andr\u00e9s Manuel L\u00f3pez Obrador con el programa \u201cQu\u00e9date en M\u00e9xico\u201d.<\/p>\n\n\n\n<p>\u201cVino (a verme) el m\u00e1ximo representante de M\u00e9xico justo debajo del (puesto) m\u00e1s alto, justo debajo del jefe que resulta ser el presidente (de M\u00e9xico)\u201d, dijo Trump sobre la visita de Marcelo Ebrard a Washington entre el 2 y el 7 de junio de 2019, que ten\u00eda el objetivo de desactivar la amenaza de aranceles a las importaciones mexicanas.<\/p>\n\n\n\n<p>\u201dNunca he visto a nadie doblarse as\u00ed. Entr\u00f3 (a mi oficina) y (el representante de M\u00e9xico) se r\u00ede de m\u00ed cuando le digo: \u2018Necesitamos 28 mil soldados en la frontera, gratis\u2019. \u00c9l me mir\u00f3 y me dijo algo como \u2018\u00bf(Desplegar soldados) gratis?\u2019 \u2018\u00bfPor qu\u00e9 har\u00edamos eso en M\u00e9xico?\u2019 Le dije: \u2018necesitamos algo llamado \u2018Qu\u00e9date en M\u00e9xico\u2019\u201d, record\u00f3 Trump.<\/p>\n\n\n\n<p>Del mismo modo, el estadounidense dijo que el mandatario mexicano coment\u00f3 \u201cno consideraremos hacer eso\u201d, a lo que Trump le respondi\u00f3: \u201cSoy el presidente de EU, no puedes ordenarme\u201d.<\/p>\n\n\n\n<p>Trump a\u00f1adi\u00f3 que amenaz\u00f3 con implementar el 25 por ciento de aranceles \u201da todas las importaciones mexicanas si AMLO no desplegaba los soldados.<\/p>\n\n\n\n<p>\u201cDespu\u00e9s de eso (\u00e9l) me mir\u00f3 y me dijo: \u2018\u00a1Se\u00f1or: ser\u00eda un honor tener 28 mil soldados en la frontera! \u00a1Ser\u00eda un honor tener \u2018Qu\u00e9date en el Maldito M\u00e9xico\u2019! \u00a1Queremos tener \u2018Qu\u00e9date en M\u00e9xico!\u2019\u201d, relat\u00f3 Trump durante el mitin en Ohio en la v\u00edspera.<\/p>\n\n\n\n<p>Finalmente, Trump declar\u00f3 que \u201cel presidente (de M\u00e9xico) es un tipo muy bueno, que me gusta mucho, es un socialista, pero me gusta, es uno de los socialistas que me gustan\u201d.<\/p>\n\n\n\n<p>(Informaci\u00f3n del diario \u00abEl Financiero\u00bb)<\/p>\n","protected":false},"excerpt":{"rendered":"<p>Redacci\u00f3n\/Zona Roja Cdmx Ciudad de M\u00e9xico.- El expresidente de Estados Unidos, Donald Trump, estuvo en&hellip;<\/p>\n","protected":false},"author":2,"featured_media":40394,"comment_status":"closed","ping_status":"open","sticky":false,"template":"","format":"standard","meta":{"_lmt_disableupdate":"","_lmt_disable":"","_jetpack_memberships_contains_paid_content":false,"footnotes":""},"categories":[109,47],"tags":[143],"class_list":["post-40393","post","type-post","status-publish","format-standard","has-post-thumbnail","hentry","category-minuto-a-minuto","category-zona-gris","tag-andres-manuel-lopez-obrador"],"jetpack_featured_media_url":"https:\/\/zonaroja.com.mx\/wp-content\/uploads\/2022\/04\/Lopez-Obrador-y-Donald-Trump.jpeg","jetpack_sharing_enabled":true,"_links":{"self":[{"href":"https:\/\/zonaroja.com.mx\/index.php?rest_route=\/wp\/v2\/posts\/40393","targetHints":{"allow":["GET"]}}],"collection":[{"href":"https:\/\/zonaroja.com.mx\/index.php?rest_route=\/wp\/v2\/posts"}],"about":[{"href":"https:\/\/zonaroja.com.mx\/index.php?rest_route=\/wp\/v2\/types\/post"}],"author":[{"embeddable":true,"href":"https:\/\/zonaroja.com.mx\/index.php?rest_route=\/wp\/v2\/users\/2"}],"replies":[{"embeddable":true,"href":"https:\/\/zonaroja.com.mx\/index.php?rest_route=%2Fwp%2Fv2%2Fcomments&post=40393"}],"version-history":[{"count":1,"href":"https:\/\/zonaroja.com.mx\/index.php?rest_route=\/wp\/v2\/posts\/40393\/revisions"}],"predecessor-version":[{"id":40395,"href":"https:\/\/zonaroja.com.mx\/index.php?rest_route=\/wp\/v2\/posts\/40393\/revisions\/40395"}],"wp:featuredmedia":[{"embeddable":true,"href":"https:\/\/zonaroja.com.mx\/index.php?rest_route=\/wp\/v2\/media\/40394"}],"wp:attachment":[{"href":"https:\/\/zonaroja.com.mx\/index.php?rest_route=%2Fwp%2Fv2%2Fmedia&parent=40393"}],"wp:term":[{"taxonomy":"category","embeddable":true,"href":"https:\/\/zonaroja.com.mx\/index.php?rest_route=%2Fwp%2Fv2%2Fcategories&post=40393"},{"taxonomy":"post_tag","embeddable":true,"href":"https:\/\/zonaroja.com.mx\/index.php?rest_route=%2Fwp%2Fv2%2Ftags&post=40393"}],"curies":[{"name":"wp","href":"https:\/\/api.w.org\/{rel}","templated":true}]}}