{"id":40401,"date":"2022-04-25T12:51:37","date_gmt":"2022-04-25T17:51:37","guid":{"rendered":"https:\/\/www.zonaroja.com.mx\/?p=40401"},"modified":"2022-04-25T12:57:19","modified_gmt":"2022-04-25T17:57:19","slug":"interminable-incendio-en-san-miguel-chimalapa-suman-18-dias","status":"publish","type":"post","link":"https:\/\/zonaroja.com.mx\/?p=40401","title":{"rendered":"Interminable incendio en San Miguel Chimalapa; suman 18 d\u00edas"},"content":{"rendered":"\n<p><\/p>\n\n\n\n<p>Yuridiana Sosa\/Zona Roja.<\/p>\n\n\n\n<p>Oaxaca de Ju\u00e1rez, Oax., 25 de abril de 2022.- El incendio forestal en San Miguel Chimalapas, de la regi\u00f3n del Istmo, se mantiene activo desde hace m\u00e1s de dos semanas, inform\u00f3 la Comisi\u00f3n Estatal Forestal de Oaxaca ( Coesfo).<\/p>\n\n\n\n<p>Luego de la omisi\u00f3n de este incendio en su reporte diario del 21 de abril por la noche hasta el 23 de abril, el 24 de este mes la dependencia report\u00f3 que la conflagraci\u00f3n en el paraje \u201cLas Petacas\u201d, de San Miguel Chimalapas, continuaba.<\/p>\n\n\n\n<p>El fuego se encuentra en control en un 95 por ciento y ha sido liquidado en un 80 por ciento, indic\u00f3 la Coesfo, sin dar a conocer la superficie siniestrada hasta ese momento; lo que se conoce al informe del 19 de abril es que son m\u00e1s de dos mil hect\u00e1reas.&nbsp;<\/p>\n\n\n\n<p>Hasta este punto accedi\u00f3 a reforzar el equipo de combate elementos de rescate de la Secretar\u00eda de la Defensa Nacional (Sedena), el pasado 13 de abril, sin embargo, la intensidad del fuego ha sido mayor que persiste.<\/p>\n\n\n\n<p>As\u00ed tambi\u00e9n, la cifra de incendios en Oaxaca sigue en ascenso con el registro de 85 en lo que va del a\u00f1o y un da\u00f1o de seis mil 812 hect\u00e1reas afectadas.&nbsp;<\/p>\n\n\n\n<p>Otro incendio activo hasta ayer se localiz\u00f3 en el municipio de Cosolapa, en la regi\u00f3n de la Cuenca del Papaloapan, en el paraje \u201cAlmolongas\u201d, donde desde hace dos d\u00edas se combate la conflagraci\u00f3n. <\/p>\n","protected":false},"excerpt":{"rendered":"<p>Yuridiana Sosa\/Zona Roja. Oaxaca de Ju\u00e1rez, Oax., 25 de abril de 2022.- El incendio forestal&hellip;<\/p>\n","protected":false},"author":2,"featured_media":40400,"comment_status":"closed","ping_status":"open","sticky":false,"template":"","format":"standard","meta":{"_lmt_disableupdate":"","_lmt_disable":"","_jetpack_memberships_contains_paid_content":false,"footnotes":""},"categories":[109,47],"tags":[],"class_list":["post-40401","post","type-post","status-publish","format-standard","has-post-thumbnail","hentry","category-minuto-a-minuto","category-zona-gris"],"jetpack_featured_media_url":"https:\/\/zonaroja.com.mx\/wp-content\/uploads\/2022\/04\/img_3871-1.jpg","jetpack_sharing_enabled":true,"_links":{"self":[{"href":"https:\/\/zonaroja.com.mx\/index.php?rest_route=\/wp\/v2\/posts\/40401","targetHints":{"allow":["GET"]}}],"collection":[{"href":"https:\/\/zonaroja.com.mx\/index.php?rest_route=\/wp\/v2\/posts"}],"about":[{"href":"https:\/\/zonaroja.com.mx\/index.php?rest_route=\/wp\/v2\/types\/post"}],"author":[{"embeddable":true,"href":"https:\/\/zonaroja.com.mx\/index.php?rest_route=\/wp\/v2\/users\/2"}],"replies":[{"embeddable":true,"href":"https:\/\/zonaroja.com.mx\/index.php?rest_route=%2Fwp%2Fv2%2Fcomments&post=40401"}],"version-history":[{"count":1,"href":"https:\/\/zonaroja.com.mx\/index.php?rest_route=\/wp\/v2\/posts\/40401\/revisions"}],"predecessor-version":[{"id":40402,"href":"https:\/\/zonaroja.com.mx\/index.php?rest_route=\/wp\/v2\/posts\/40401\/revisions\/40402"}],"wp:featuredmedia":[{"embeddable":true,"href":"https:\/\/zonaroja.com.mx\/index.php?rest_route=\/wp\/v2\/media\/40400"}],"wp:attachment":[{"href":"https:\/\/zonaroja.com.mx\/index.php?rest_route=%2Fwp%2Fv2%2Fmedia&parent=40401"}],"wp:term":[{"taxonomy":"category","embeddable":true,"href":"https:\/\/zonaroja.com.mx\/index.php?rest_route=%2Fwp%2Fv2%2Fcategories&post=40401"},{"taxonomy":"post_tag","embeddable":true,"href":"https:\/\/zonaroja.com.mx\/index.php?rest_route=%2Fwp%2Fv2%2Ftags&post=40401"}],"curies":[{"name":"wp","href":"https:\/\/api.w.org\/{rel}","templated":true}]}}