{"id":40404,"date":"2022-04-25T15:23:31","date_gmt":"2022-04-25T20:23:31","guid":{"rendered":"https:\/\/www.zonaroja.com.mx\/?p=40404"},"modified":"2022-04-25T15:23:37","modified_gmt":"2022-04-25T20:23:37","slug":"propone-el-triple-a-gobierno-desde-los-pueblos-originarios-personas-con-discapacidad-y-lgbtt","status":"publish","type":"post","link":"https:\/\/zonaroja.com.mx\/?p=40404","title":{"rendered":"Propone el \u201cTriple A\u201d gobierno desde los pueblos originarios, personas con discapacidad y LGBTT+"},"content":{"rendered":"\n<p>Yuridiana Sosa\/Zona Roja.<\/p>\n\n\n\n<p>Oaxaca de Ju\u00e1rez, Oax., 25 de abril de 2022.- Acompa\u00f1ado de representantes y l\u00edderes de la poblaci\u00f3n de personas con discapacidad, LGBTT+ y de los pueblos ind\u00edgenas y afromexicanos, el candidato a gobernador de Oaxaca, Alejandro Avil\u00e9s \u00c1lvarez, present\u00f3 estrategias que implementar\u00e1 en su gobierno en materia de atenci\u00f3n a dichos grupos de la poblaci\u00f3n.<\/p>\n\n\n\n<p>En conferencia de prensa, el postulado por el PRI-PRD indic\u00f3 que se trata de una primera propuesta que se podr\u00e1 mejorar con la participaci\u00f3n activa de los grupos referentes, aunque destac\u00f3 que este primer ejercicio fue encabezado desde las experiencias y conocimientos de los representantes de cada sector que conforma la agenda de los pueblos afromexicanos, personas con discapacidad y de la comunidad LGBTT+.<\/p>\n\n\n\n<p>\u201cNo permitiremos que nadie m\u00e1s sea discriminado, violentado o excluido por su orientaci\u00f3n sexual, origen \u00e9tnico o sus limitaciones f\u00edsicas o mentales\u201d, sentenci\u00f3 el aspirante a gobernador, quien asegur\u00f3 que como primer punto que implementar\u00e1 ser\u00e1 la asignaci\u00f3n de un presupuesto justo y suficiente para la atenci\u00f3n de las demandas programadas.<\/p>\n\n\n\n<p>Se trata de cumplir con la cobertura de las necesidades, de hacer los cambios pertinentes para garantizar el pleno desarrollo de dichos sectores que por muchos a\u00f1os han sido excluidos y limitados.<\/p>\n\n\n\n<p>Para los pueblos afromexicanos se propone combatir las violencias que hasta ahora son toleradas por la excusa de \u201cusos y costumbres\u201d; los j\u00f3venes ser\u00e1n el centro de la administraci\u00f3n como actores activos de una sociedad, por lo que se abrir\u00e1n programas que fortalezcan el arte, la educaci\u00f3n y la tecnolog\u00eda.<\/p>\n\n\n\n<figure class=\"wp-block-embed\"><div class=\"wp-block-embed__wrapper\">\n<div class=\"twitter-tweet\"><blockquote class=\"twitter-tweet\" data-lang=\"es\"><p lang=\"es\" dir=\"ltr\"><a href=\"https:\/\/twitter.com\/hashtag\/EleccionesOaxaca2022?src=hash&amp;ref_src=twsrc%5Etfw\">#EleccionesOaxaca2022<\/a> <br>Tras la conferencia de prensa, <a href=\"https:\/\/twitter.com\/_AvilesAlvarez?ref_src=twsrc%5Etfw\">@_AvilesAlvarez<\/a> habl\u00f3 de la cancelaci\u00f3n del debate de ayer, organizado por el <a href=\"https:\/\/twitter.com\/IEEPCO?ref_src=twsrc%5Etfw\">@IEEPCO<\/a> y dijo que participar\u00e1 sin ning\u00fan problema ejercicio una vez que lo reagende el Consejo General. <a href=\"https:\/\/t.co\/VWN8xuhdFe\">pic.twitter.com\/VWN8xuhdFe<\/a><\/p>&mdash; Zona Roja Oaxaca (@ZonaRoja_Oaxaca) <a href=\"https:\/\/twitter.com\/ZonaRoja_Oaxaca\/status\/1518610032031535105?ref_src=twsrc%5Etfw\">25 de abril de 2022<\/a><\/blockquote><\/div>\n<\/div><\/figure>\n\n\n\n<p>Las mujeres de los pueblos originarios tendr\u00e1n impulso para generar proyectos de emprendimiento; se fortalecer\u00e1n y volver\u00e1n programas como el de lenguas vivas y migrantes 3&#215;1; adem\u00e1s, se ejecutar\u00e1n consultas previas, libres e informadas respecto a obras que puedan ser de impacto en las comunidades, indic\u00f3 la diputada Eufrosina Cruz Mendoza.<\/p>\n\n\n\n<p>As\u00ed tambi\u00e9n se dio a conocer que en relaci\u00f3n a las personas con discapacidad se crear\u00e1 el Instituto Estatal para Personas con Discapacidad, el programa m\u00e9dico a tu casa se emplear\u00e1 con mayor \u00e9nfasis para esta poblaci\u00f3n, as\u00ed como que en materia de derechos humanos se dispondr\u00e1n de peritos especializados e int\u00e9rpretes.<\/p>\n\n\n\n<p>El gobierno de Alejandro Avil\u00e9s tambi\u00e9n plantea &nbsp;crear el Instituto Estatal de la Diversidad e Inclusi\u00f3n, a trav\u00e9s del cual se concreten programas educativos para docentes, padres, j\u00f3venes y las infancias, as\u00ed como para funcionarios estatales.&nbsp;<\/p>\n\n\n\n<p>El ejecutivo enviar\u00e1 al Congreso de Oaxaca iniciativas para que se tipifique el transfeminicidio y cr\u00edmenes de odio contra esta poblaci\u00f3n, destacaron representantes de la comunidad LGBTT+ en Oaxaca.<\/p>\n\n\n\n<p>\u201cTriple A\u201d se comprometi\u00f3 para que todos estos sectores reciban apoyos al triple para garantizar una mejor calidad de vida.<\/p>\n","protected":false},"excerpt":{"rendered":"<p>Yuridiana Sosa\/Zona Roja. Oaxaca de Ju\u00e1rez, Oax., 25 de abril de 2022.- Acompa\u00f1ado de representantes&hellip;<\/p>\n","protected":false},"author":2,"featured_media":40403,"comment_status":"closed","ping_status":"open","sticky":false,"template":"","format":"standard","meta":{"_lmt_disableupdate":"","_lmt_disable":"","_jetpack_memberships_contains_paid_content":false,"footnotes":""},"categories":[109,46],"tags":[],"class_list":["post-40404","post","type-post","status-publish","format-standard","has-post-thumbnail","hentry","category-minuto-a-minuto","category-zona-blanca"],"jetpack_featured_media_url":"https:\/\/zonaroja.com.mx\/wp-content\/uploads\/2022\/04\/c69976dc-4b5c-4db8-a016-a61b790430d3.jpg","jetpack_sharing_enabled":true,"_links":{"self":[{"href":"https:\/\/zonaroja.com.mx\/index.php?rest_route=\/wp\/v2\/posts\/40404","targetHints":{"allow":["GET"]}}],"collection":[{"href":"https:\/\/zonaroja.com.mx\/index.php?rest_route=\/wp\/v2\/posts"}],"about":[{"href":"https:\/\/zonaroja.com.mx\/index.php?rest_route=\/wp\/v2\/types\/post"}],"author":[{"embeddable":true,"href":"https:\/\/zonaroja.com.mx\/index.php?rest_route=\/wp\/v2\/users\/2"}],"replies":[{"embeddable":true,"href":"https:\/\/zonaroja.com.mx\/index.php?rest_route=%2Fwp%2Fv2%2Fcomments&post=40404"}],"version-history":[{"count":1,"href":"https:\/\/zonaroja.com.mx\/index.php?rest_route=\/wp\/v2\/posts\/40404\/revisions"}],"predecessor-version":[{"id":40405,"href":"https:\/\/zonaroja.com.mx\/index.php?rest_route=\/wp\/v2\/posts\/40404\/revisions\/40405"}],"wp:featuredmedia":[{"embeddable":true,"href":"https:\/\/zonaroja.com.mx\/index.php?rest_route=\/wp\/v2\/media\/40403"}],"wp:attachment":[{"href":"https:\/\/zonaroja.com.mx\/index.php?rest_route=%2Fwp%2Fv2%2Fmedia&parent=40404"}],"wp:term":[{"taxonomy":"category","embeddable":true,"href":"https:\/\/zonaroja.com.mx\/index.php?rest_route=%2Fwp%2Fv2%2Fcategories&post=40404"},{"taxonomy":"post_tag","embeddable":true,"href":"https:\/\/zonaroja.com.mx\/index.php?rest_route=%2Fwp%2Fv2%2Ftags&post=40404"}],"curies":[{"name":"wp","href":"https:\/\/api.w.org\/{rel}","templated":true}]}}