{"id":40409,"date":"2022-04-25T19:33:38","date_gmt":"2022-04-26T00:33:38","guid":{"rendered":"http:\/\/www.zonaroja.com.mx\/?p=40409"},"modified":"2022-04-25T19:33:40","modified_gmt":"2022-04-26T00:33:40","slug":"entre-protestas-en-barrio-historico-y-ambulantes-celebran-490-anos-de-la-ciudad","status":"publish","type":"post","link":"https:\/\/zonaroja.com.mx\/?p=40409","title":{"rendered":"Entre protestas en barrio hist\u00f3rico y ambulantes, celebran 490 a\u00f1os de la ciudad"},"content":{"rendered":"\n<p>Yuridiana Sosa\/Zona Roja.<\/p>\n\n\n\n<p>Oaxaca de Ju\u00e1rez, Oax., 25 de abril de 2022.- La fiesta por el 490 aniversario de Oaxaca de Ju\u00e1rez como ciudad tambi\u00e9n se vivi\u00f3 desde la demanda de vecinos del barrio de Xochimilco \u2014uno de los m\u00e1s representativos de la capital\u2014, al ser ignorados por la autoridad ante el crecimiento desmedido de negocios que afectan el orden en la zona.<\/p>\n\n\n\n<p>Es justamente la belleza colonial del barrio, que forma parte del Centro Hist\u00f3rico, que ha motivado a la apertura de un pu\u00f1ado de establecimientos en el giro del entretenimiento nocturno y social sin un aparente control de las autoridades municipales.<\/p>\n\n\n\n<p>Por medio de lonas, colgados en distintos puntos, los vecinos mantienen desde hace al menos dos meses una protesta para exigir la intervenci\u00f3n de las autoridades de los diferentes niveles.<\/p>\n\n\n\n<p>\u201cVecinos de esta zona hacemos un llamado a la UNESCO, al INAH, al gobierno federal, estatal, municipal y a la Comisi\u00f3n Nacional de los Derechos Humanos, en su intervenci\u00f3n inmediata que pongan alto a los salones de fiesta, bares y negocios que irrumpen en esta zona por el derecho a nuestra salud y espacio libre de ruido\u201d, demandan.<\/p>\n\n\n\n<p>La exigencia, tambi\u00e9n expresada a trav\u00e9s de los medios de comunicaci\u00f3n, obedece a que desde finales de la admiraci\u00f3n anterior, tambi\u00e9n del morenista Oswaldo Garc\u00eda Jarqu\u00edn, comenz\u00f3 la apertura de bares, terrazas a cielo abierto y salones de fiestas que robaron el derecho a un descanso tranquilo del que han vivido por d\u00e9cadas a los vecinos la de la zona.<\/p>\n\n\n\n<p>CRECE DESATENCI\u00d3N<\/p>\n\n\n\n<p>Pero a inicios de esta administraci\u00f3n de Francisco Mart\u00ednez Neri el problema creci\u00f3, pues no s\u00f3lo son m\u00e1s espacios, sino hay una ignorancia de las autoridades municipales para atender la petici\u00f3n de controlar estos giros en parte de lo que se considera patrimonio cultural de la humanidad.<\/p>\n\n\n\n<figure class=\"wp-block-embed is-type-rich is-provider-twitter wp-block-embed-twitter\"><div class=\"wp-block-embed__wrapper\">\n<div class=\"twitter-tweet\"><blockquote class=\"twitter-tweet\" data-lang=\"es\"><p lang=\"es\" dir=\"ltr\"><a href=\"https:\/\/twitter.com\/hashtag\/%C3%9AltimoMinuto?src=hash&amp;ref_src=twsrc%5Etfw\">#\u00daltimoMinuto<\/a> <br>1. Ni con el aniversario 490 de la ciudad se acord\u00f3 el edil de <a href=\"https:\/\/twitter.com\/hashtag\/Oaxaca?src=hash&amp;ref_src=twsrc%5Etfw\">#Oaxaca<\/a> de Ju\u00e1rez, <a href=\"https:\/\/twitter.com\/FMartinezNeri?ref_src=twsrc%5Etfw\">@FMartinezNeri<\/a>, de atender las demandas de pobladores del barrio de Xochimilco, con a\u00f1eja demanda de proteger el Centro Hist\u00f3rico. <a href=\"https:\/\/t.co\/5qV9PV1Ltw\">pic.twitter.com\/5qV9PV1Ltw<\/a><\/p>&mdash; Zona Roja Oaxaca (@ZonaRoja_Oaxaca) <a href=\"https:\/\/twitter.com\/ZonaRoja_Oaxaca\/status\/1518671857259409408?ref_src=twsrc%5Etfw\">25 de abril de 2022<\/a><\/blockquote><\/div>\n<\/div><\/figure>\n\n\n\n<p>Los vecinos igualmente demandan al gobierno local que regule las actividades en los espacios p\u00fablicos, uno de estos el Jard\u00edn Carbajal, el cual colinda con varias viviendas.<\/p>\n\n\n\n<p>El control del orden en el barrio tambi\u00e9n ha afectado la relaci\u00f3n entre los vecinos Xochimilco, como ocurri\u00f3 el a\u00f1o pasado, sobre una supuesta prohibici\u00f3n de sesiones fotogr\u00e1ficas en espacios representativos del barrio.<\/p>\n\n\n\n<p>En aquella ocasi\u00f3n, aparecieron letreros donde se imped\u00edan fotograf\u00edas en la zona de la Cruz de Piedra y calles cercanas, lo que gener\u00f3 controversia, pues el Comit\u00e9 de Vida Vecinal (Comvive) se deslind\u00f3 de esa acci\u00f3n y responsabiliz\u00f3 a habitantes avecindados.<\/p>\n\n\n\n<p>FESTIN DE AMBULANTES<\/p>\n\n\n\n<p>Las calles del Centro Hist\u00f3rico de Oaxaca siguen en poder el ambulantaje.<\/p>\n\n\n\n<p>Son cientos de puestos los que a\u00fan permanecen en la vialidad a pesar de los tropezados esfuerzos del gobierno municipal de Oaxaca de Ju\u00e1rez por liberar espacios.<\/p>\n\n\n\n<p>En un acto de respeto a la herencia de un programa de la administraci\u00f3n municipal anterior, el gobierno de Mart\u00ednez Neri ha tratado de poner orden al ambulantaje, sin embargo, estos intentos han causado varios encontronazos, tanto entre comerciantes informales con elementos de la Polic\u00eda Municipal, como entre ambulantes y vendedores de establecimientos.<\/p>\n\n\n\n<p>La necesidad del sector y la necedad de l\u00edderes por apropiarse de las calles ha sido mayor, logrando su reinstalaci\u00f3n en otros puntos de la ciudad.<\/p>\n\n\n\n<p>Pero esas situaciones parecen no ser problema para la autoridad que hoy, como desde hace cuatro meses, se dedicaron a posar para la foto y celebrar los 490 a\u00f1os de esta antigua ciudad.<\/p>\n","protected":false},"excerpt":{"rendered":"<p>Yuridiana Sosa\/Zona Roja. Oaxaca de Ju\u00e1rez, Oax., 25 de abril de 2022.- La fiesta por&hellip;<\/p>\n","protected":false},"author":2,"featured_media":40410,"comment_status":"closed","ping_status":"open","sticky":false,"template":"","format":"standard","meta":{"_lmt_disableupdate":"","_lmt_disable":"","_jetpack_memberships_contains_paid_content":false,"footnotes":""},"categories":[109,47],"tags":[148],"class_list":["post-40409","post","type-post","status-publish","format-standard","has-post-thumbnail","hentry","category-minuto-a-minuto","category-zona-gris","tag-oaxaca-de-juarez"],"jetpack_featured_media_url":"https:\/\/zonaroja.com.mx\/wp-content\/uploads\/2022\/04\/Quejas-Xochimilco-ciudad-de-Oaxaca.jpg","jetpack_sharing_enabled":true,"_links":{"self":[{"href":"https:\/\/zonaroja.com.mx\/index.php?rest_route=\/wp\/v2\/posts\/40409","targetHints":{"allow":["GET"]}}],"collection":[{"href":"https:\/\/zonaroja.com.mx\/index.php?rest_route=\/wp\/v2\/posts"}],"about":[{"href":"https:\/\/zonaroja.com.mx\/index.php?rest_route=\/wp\/v2\/types\/post"}],"author":[{"embeddable":true,"href":"https:\/\/zonaroja.com.mx\/index.php?rest_route=\/wp\/v2\/users\/2"}],"replies":[{"embeddable":true,"href":"https:\/\/zonaroja.com.mx\/index.php?rest_route=%2Fwp%2Fv2%2Fcomments&post=40409"}],"version-history":[{"count":1,"href":"https:\/\/zonaroja.com.mx\/index.php?rest_route=\/wp\/v2\/posts\/40409\/revisions"}],"predecessor-version":[{"id":40411,"href":"https:\/\/zonaroja.com.mx\/index.php?rest_route=\/wp\/v2\/posts\/40409\/revisions\/40411"}],"wp:featuredmedia":[{"embeddable":true,"href":"https:\/\/zonaroja.com.mx\/index.php?rest_route=\/wp\/v2\/media\/40410"}],"wp:attachment":[{"href":"https:\/\/zonaroja.com.mx\/index.php?rest_route=%2Fwp%2Fv2%2Fmedia&parent=40409"}],"wp:term":[{"taxonomy":"category","embeddable":true,"href":"https:\/\/zonaroja.com.mx\/index.php?rest_route=%2Fwp%2Fv2%2Fcategories&post=40409"},{"taxonomy":"post_tag","embeddable":true,"href":"https:\/\/zonaroja.com.mx\/index.php?rest_route=%2Fwp%2Fv2%2Ftags&post=40409"}],"curies":[{"name":"wp","href":"https:\/\/api.w.org\/{rel}","templated":true}]}}