{"id":40416,"date":"2022-04-25T21:32:45","date_gmt":"2022-04-26T02:32:45","guid":{"rendered":"http:\/\/www.zonaroja.com.mx\/?p=40416"},"modified":"2022-04-25T21:32:47","modified_gmt":"2022-04-26T02:32:47","slug":"inicia-semana-laboral-con-baja-incidencia-de-covid-en-oaxaca","status":"publish","type":"post","link":"https:\/\/zonaroja.com.mx\/?p=40416","title":{"rendered":"Inicia semana laboral con baja incidencia de Covid en Oaxaca"},"content":{"rendered":"\n<p>Redacci\u00f3n\/Zona Roja.<\/p>\n\n\n\n<p>Oaxaca de Ju\u00e1rez, Oax. 25 de abril de 2022.- Oaxaca inicia este cuarto lunes de abril con ocho nuevos pacientes de Covid-19 y totaliz\u00f3 119 mil 792 casos acumulados, informaron los Servicios de Salud de Oaxaca (SSO), que tambi\u00e9n indicaron que la entidad se mantiene en los seis mil 177 fallecimientos a causa de la enfermedad, al no reportan ninguna defunci\u00f3n en las \u00faltimas 24 horas.<\/p>\n\n\n\n<p>Adem\u00e1s, el informe t\u00e9cnico diario de la dependencia se\u00f1al\u00f3 que hay 210 mil 040 notificaciones, 84 mil 475 negativos, cinco mil 773 sospechosos y 113 mil 506 personas recuperadas.<\/p>\n\n\n\n<p>Del total de pacientes nuevos notificados este 25 de abril, cuatro se encuentran ubicados en Valles Centrales, dos en el Istmo, uno en Tuxtepec y uno m\u00e1s en la Mixteca.<\/p>\n\n\n\n<figure class=\"wp-block-embed is-type-rich is-provider-twitter wp-block-embed-twitter\"><div class=\"wp-block-embed__wrapper\">\n<div class=\"twitter-tweet\"><blockquote class=\"twitter-tweet\" data-lang=\"es\"><p lang=\"es\" dir=\"ltr\"><a href=\"https:\/\/twitter.com\/hashtag\/%C3%9AltimoMinuto?src=hash&amp;ref_src=twsrc%5Etfw\">#\u00daltimoMinuto<\/a><br>Este lunes, los Servicios de Salud de <a href=\"https:\/\/twitter.com\/hashtag\/Oaxaca?src=hash&amp;ref_src=twsrc%5Etfw\">#Oaxaca<\/a> reportaron 8 contagios nuevos, 109 casos activos y 0 defunciones.<br>A hoy existen 119 mil 792 casos confirmados y 6 mil 177 decesos.<br>Hay 4 nosocomios saturados y la ocupaci\u00f3n hospitalaria es de 7.2% <a href=\"https:\/\/t.co\/ehRgoJndx1\">pic.twitter.com\/ehRgoJndx1<\/a><\/p>&mdash; Zona Roja Oaxaca (@ZonaRoja_Oaxaca) <a href=\"https:\/\/twitter.com\/ZonaRoja_Oaxaca\/status\/1518770229530304512?ref_src=twsrc%5Etfw\">26 de abril de 2022<\/a><\/blockquote><\/div>\n<\/div><\/figure>\n\n\n\n<p>Seg\u00fan el reporte se tiene un total de cinco municipios con diagn\u00f3sticos positivos en la \u00faltima actualizaci\u00f3n: Oaxaca de Ju\u00e1rez, Salina Cruz y San Cruz Xoxocotl\u00e1n con dos cada uno, en tanto, Acatl\u00e1n de P\u00e9rez Figueroa, as\u00ed como Putla Villa de Guerrero con un caso respectivamente.<\/p>\n\n\n\n<p>Por lo que la pandemia activa se ubica en 27 municipios con un global de 109 personas, 45 en Tuxtepec, 28 en Valles Centrales, 25 en el Istmo, cinco en la Costa, cuatro en la Mixteca y dos en la Sierra.<\/p>\n\n\n\n<p>En esta jornada, la disponibilidad general de camas en los hospitales es del 92.8%, con un ingreso nuevo, para un total de 25 pacientes que reciben atenci\u00f3n m\u00e9dica de especialidad por complicaciones de la patolog\u00eda y cuatro nosocomios al 100% de su capacidad.<\/p>\n\n\n\n<p>Finalmente, la dependencia reiter\u00f3 que es de suma importancia que las y los oaxaque\u00f1os incluso despu\u00e9s de ponerse el esquema completo de vacunaci\u00f3n contra la Covid-19, sigan implementando las medidas de protecci\u00f3n como: la sana distancia, uso correcto de cubrebocas y el lavado constante de las manos, as\u00ed como evitar acudir a lugares concurridos.<\/p>\n","protected":false},"excerpt":{"rendered":"<p>Redacci\u00f3n\/Zona Roja. Oaxaca de Ju\u00e1rez, Oax. 25 de abril de 2022.- Oaxaca inicia este cuarto&hellip;<\/p>\n","protected":false},"author":2,"featured_media":40417,"comment_status":"closed","ping_status":"open","sticky":false,"template":"","format":"standard","meta":{"_lmt_disableupdate":"","_lmt_disable":"","_jetpack_memberships_contains_paid_content":false,"footnotes":""},"categories":[109,47],"tags":[1512],"class_list":["post-40416","post","type-post","status-publish","format-standard","has-post-thumbnail","hentry","category-minuto-a-minuto","category-zona-gris","tag-coronavirus-oaxaca"],"jetpack_featured_media_url":"https:\/\/zonaroja.com.mx\/wp-content\/uploads\/2022\/04\/Casos-de-Covid-25-de-abril.jpg","jetpack_sharing_enabled":true,"_links":{"self":[{"href":"https:\/\/zonaroja.com.mx\/index.php?rest_route=\/wp\/v2\/posts\/40416","targetHints":{"allow":["GET"]}}],"collection":[{"href":"https:\/\/zonaroja.com.mx\/index.php?rest_route=\/wp\/v2\/posts"}],"about":[{"href":"https:\/\/zonaroja.com.mx\/index.php?rest_route=\/wp\/v2\/types\/post"}],"author":[{"embeddable":true,"href":"https:\/\/zonaroja.com.mx\/index.php?rest_route=\/wp\/v2\/users\/2"}],"replies":[{"embeddable":true,"href":"https:\/\/zonaroja.com.mx\/index.php?rest_route=%2Fwp%2Fv2%2Fcomments&post=40416"}],"version-history":[{"count":1,"href":"https:\/\/zonaroja.com.mx\/index.php?rest_route=\/wp\/v2\/posts\/40416\/revisions"}],"predecessor-version":[{"id":40418,"href":"https:\/\/zonaroja.com.mx\/index.php?rest_route=\/wp\/v2\/posts\/40416\/revisions\/40418"}],"wp:featuredmedia":[{"embeddable":true,"href":"https:\/\/zonaroja.com.mx\/index.php?rest_route=\/wp\/v2\/media\/40417"}],"wp:attachment":[{"href":"https:\/\/zonaroja.com.mx\/index.php?rest_route=%2Fwp%2Fv2%2Fmedia&parent=40416"}],"wp:term":[{"taxonomy":"category","embeddable":true,"href":"https:\/\/zonaroja.com.mx\/index.php?rest_route=%2Fwp%2Fv2%2Fcategories&post=40416"},{"taxonomy":"post_tag","embeddable":true,"href":"https:\/\/zonaroja.com.mx\/index.php?rest_route=%2Fwp%2Fv2%2Ftags&post=40416"}],"curies":[{"name":"wp","href":"https:\/\/api.w.org\/{rel}","templated":true}]}}