{"id":4042,"date":"2019-09-17T09:16:29","date_gmt":"2019-09-17T14:16:29","guid":{"rendered":"http:\/\/www.zonaroja.com.mx\/?p=4042"},"modified":"2019-09-17T09:16:31","modified_gmt":"2019-09-17T14:16:31","slug":"violencia-imparable-taxista-ejecutado-en-juchitan-calcinado-en-coatecas-asesinado-en-mixtepec","status":"publish","type":"post","link":"https:\/\/zonaroja.com.mx\/?p=4042","title":{"rendered":"Violencia imparable: taxista ejecutado en Juchit\u00e1n; calcinado en Coatecas; asesinado en Mixtepec"},"content":{"rendered":"\n<p>Redacci\u00f3n\/Zona\nRoja.<\/p>\n\n\n\n<p>Oaxaca de\nJu\u00e1rez, Oax., 17 de septiembre de 2019.- Al menos cinco asesinatos perpetrados\na balazos se han registrado en las \u00faltimas 24 horas en la entidad oaxaque\u00f1a,\nuna de cuyas v\u00edctimas fue calcinada.<\/p>\n\n\n\n<p>Los\nhomicidios se perpetraron en comunidades de las regiones Valles Centrales,\nIstmo de Tehuantepec, Mixteca y Costa.<\/p>\n\n\n\n<p>La ma\u00f1ana de\nhoy, en el tramo carretero Juchit\u00e1n de Zaragoza-El Espinal, fue ultimado a\nbalazos un taxista, cuyo cuerpo fue hallado en el exterior de la unidad del\nsitio \u201cSan Vicente\u201d, con n\u00famero econ\u00f3mico 16-135. Hasta el momento el individuo\nno ha sido identificado. <\/p>\n\n\n\n<p>Este lunes por\nla tarde en la comunidad de San Juan Mixtepec, de la regi\u00f3n Mixteca de Oaxaca,\nfue ultimado a balazos un individuo identificado como Sergio L\u00f3pez Ju\u00e1rez,\noriginario de la colonia Azteca de dicho municipio; hasta el momento se\ndesconoce qui\u00e9n o qui\u00e9nes lo asesinaron.<\/p>\n\n\n\n<p>En tanto, ayer\nse confirm\u00f3 que en inmediaciones del municipio Monjas, del distrito de\nMiahuatl\u00e1n, fue hallado calcinado y semienterrado el cuerpo de una persona del\nsexo masculino.<\/p>\n\n\n\n<p>De manera preliminar, seg\u00fan reportes de corporaciones de seguridad, se trata de Cirilo V\u00e1squez Mart\u00ednez, originario de Coatecas Altas, del distrito de Ejutla, y quien hab\u00eda sido plagiado y por cuyo rescate ped\u00edan medio mill\u00f3n de pesos.<\/p>\n\n\n\n<figure class=\"wp-block-image\"><img decoding=\"async\" width=\"528\" height=\"393\" src=\"http:\/\/www.zonaroja.com.mx\/wp-content\/uploads\/2019\/09\/325cd5f7-7e03-4d9c-a70b-1455bd71bb07.jpg\" alt=\"\" class=\"wp-image-4043\" srcset=\"https:\/\/zonaroja.com.mx\/wp-content\/uploads\/2019\/09\/325cd5f7-7e03-4d9c-a70b-1455bd71bb07.jpg 528w, https:\/\/zonaroja.com.mx\/wp-content\/uploads\/2019\/09\/325cd5f7-7e03-4d9c-a70b-1455bd71bb07-300x223.jpg 300w\" sizes=\"(max-width: 528px) 100vw, 528px\" \/><\/figure>\n\n\n\n<p>Por otra\nparte, como se inform\u00f3, ayer fue asesinado un taxista en la colonia Guillermo\nGonz\u00e1lez Guardado de la Villa de Zaachila, mientras que un var\u00f3n fue ultimado\nen la S\u00e9ptima Secci\u00f3n de Juchit\u00e1n de Zaragoza.<\/p>\n","protected":false},"excerpt":{"rendered":"<p>Redacci\u00f3n\/Zona Roja. Oaxaca de Ju\u00e1rez, Oax., 17 de septiembre de 2019.- Al menos cinco asesinatos&hellip;<\/p>\n","protected":false},"author":2,"featured_media":4044,"comment_status":"closed","ping_status":"open","sticky":false,"template":"","format":"standard","meta":{"_lmt_disableupdate":"","_lmt_disable":"","_jetpack_memberships_contains_paid_content":false,"footnotes":""},"categories":[109,51],"tags":[123],"class_list":["post-4042","post","type-post","status-publish","format-standard","has-post-thumbnail","hentry","category-minuto-a-minuto","category-zona-roja","tag-juchitan-de-zaragoza"],"jetpack_featured_media_url":"https:\/\/zonaroja.com.mx\/wp-content\/uploads\/2019\/09\/IMG_8691.jpg","jetpack_sharing_enabled":true,"_links":{"self":[{"href":"https:\/\/zonaroja.com.mx\/index.php?rest_route=\/wp\/v2\/posts\/4042","targetHints":{"allow":["GET"]}}],"collection":[{"href":"https:\/\/zonaroja.com.mx\/index.php?rest_route=\/wp\/v2\/posts"}],"about":[{"href":"https:\/\/zonaroja.com.mx\/index.php?rest_route=\/wp\/v2\/types\/post"}],"author":[{"embeddable":true,"href":"https:\/\/zonaroja.com.mx\/index.php?rest_route=\/wp\/v2\/users\/2"}],"replies":[{"embeddable":true,"href":"https:\/\/zonaroja.com.mx\/index.php?rest_route=%2Fwp%2Fv2%2Fcomments&post=4042"}],"version-history":[{"count":1,"href":"https:\/\/zonaroja.com.mx\/index.php?rest_route=\/wp\/v2\/posts\/4042\/revisions"}],"predecessor-version":[{"id":4045,"href":"https:\/\/zonaroja.com.mx\/index.php?rest_route=\/wp\/v2\/posts\/4042\/revisions\/4045"}],"wp:featuredmedia":[{"embeddable":true,"href":"https:\/\/zonaroja.com.mx\/index.php?rest_route=\/wp\/v2\/media\/4044"}],"wp:attachment":[{"href":"https:\/\/zonaroja.com.mx\/index.php?rest_route=%2Fwp%2Fv2%2Fmedia&parent=4042"}],"wp:term":[{"taxonomy":"category","embeddable":true,"href":"https:\/\/zonaroja.com.mx\/index.php?rest_route=%2Fwp%2Fv2%2Fcategories&post=4042"},{"taxonomy":"post_tag","embeddable":true,"href":"https:\/\/zonaroja.com.mx\/index.php?rest_route=%2Fwp%2Fv2%2Ftags&post=4042"}],"curies":[{"name":"wp","href":"https:\/\/api.w.org\/{rel}","templated":true}]}}