{"id":40427,"date":"2022-04-26T07:41:59","date_gmt":"2022-04-26T12:41:59","guid":{"rendered":"http:\/\/www.zonaroja.com.mx\/?p=40427"},"modified":"2022-04-26T07:43:05","modified_gmt":"2022-04-26T12:43:05","slug":"firman-pueblos-mixes-acuerdo-en-defensa-de-lengua-exigen-apoyo-institucional","status":"publish","type":"post","link":"https:\/\/zonaroja.com.mx\/?p=40427","title":{"rendered":"Firman pueblos Mixes acuerdo en defensa de lengua; exigen apoyo institucional"},"content":{"rendered":"\n<p>Ismael Garc\u00eda M.\/Zona Roja.<\/p>\n\n\n\n<p>Oaxaca de Ju\u00e1rez, Oax., 26 de abril de 2022.- Al menos una veintena de comunidades de la zona Mixe firmaron un acuerdo para defender su lengua Ayuuk, pero tambi\u00e9n exigieron acciones al gobierno federal y estatal en esta iniciativa.<\/p>\n\n\n\n<p>Los d\u00edas 21 y 22 de abril se efectu\u00f3 en Santiago Zacatepec Mixe un encuentro de hermanamiento y para compartir los trabajos&nbsp;que se han realizado durante las&nbsp;\u00faltimas cuatro d\u00e9cadas&nbsp;para el&nbsp;desarrollo y&nbsp;fortalecimiento de su lengua.&nbsp;<\/p>\n\n\n\n<p>\u201cNosotros los hijos e hijas&nbsp;de los dioses&nbsp;Kontoy&nbsp;y&nbsp;Taj\u00eb\u00ebw, quienes&nbsp;son&nbsp;gu\u00eda&nbsp;y&nbsp;fieles defensores de nuestro pueblo, nuestra lengua&nbsp;y&nbsp;cultura.&nbsp;<\/p>\n\n\n\n<p>\u201cPor ello nos hemos reunido para hacer viva&nbsp;su memoria&nbsp;por la unidad&nbsp;de nuestro&nbsp;pueblo y&nbsp;territorio&nbsp;con el prop\u00f3sito de analizar y discutir la situaci\u00f3n de nuestra lengua, que&nbsp;es la esencia donde descansa la sabidur\u00eda, la fuerza y nuestra historia que tenemos como pueblo; sin ella, no podr\u00edamos concebirnos como Ayuuk&nbsp;j\u00e4\u2019\u00e4y\u201d, refieren en un pronunciamiento emitido ayer.<\/p>\n\n\n\n<p>Coincidieron en que su&nbsp;lengua es el principal medio a trav\u00e9s del cual se comunican, por lo que consideran estrictamente necesario cuidarla&nbsp;y&nbsp;mantenerla.<\/p>\n\n\n\n<p>Debido a ello,&nbsp;nos comprometemos a&nbsp;su&nbsp;cuidado y protecci\u00f3n&nbsp;de modo que podamos garantizar su preservaci\u00f3n para el uso, goce y disfrute de \u00e9sta por parte de las futuras generaciones.&nbsp;<\/p>\n\n\n\n<p>\u201cComo comunidades impulsaremos&nbsp;una serie de acciones&nbsp;un Trecenio (trece a\u00f1os)&nbsp;para el&nbsp;desarrollo y fortalecimiento de nuestra lengua, ya que&nbsp;a trav\u00e9s de ella podemos comunicarnos con nuestros dioses,&nbsp;nuestros hermanos,&nbsp;el cosmos,&nbsp;nuestra madre&nbsp;la&nbsp;tierra,&nbsp;los fen\u00f3menos naturales y la naturaleza toda.&nbsp;<\/p>\n\n\n\n<p>\u201cDeclaramos que nuestra lengua es el medio a trav\u00e9s del cual expresamos nuestra cultura, visi\u00f3n del mundo o filosof\u00eda,&nbsp;de modo que es para nosotros y para la humanidad&nbsp;un tesoro invaluable que encierra un c\u00famulo de conocimientos construidos&nbsp;a lo largo de nuestra propia&nbsp;historia.<\/p>\n\n\n\n<p>\u201cConsideramos que como autoridades y comunidades del pueblo Ayuuk, debemos seguir impulsando su cuidado y protecci\u00f3n a trav\u00e9s de\u00a0pol\u00edticas ling\u00fc\u00edsticas de car\u00e1cter comunitario que involucren directamente a los hablantes y a la comunidad misma\u201d, exponen.<\/p>\n\n\n\n<figure class=\"wp-block-image size-large\"><a href=\"http:\/\/www.zonaroja.com.mx\/wp-content\/uploads\/2022\/04\/Acuerdo-pueblos-Mixes-Zacatepec-firma.jpg\" data-rel=\"penci-gallery-image-content\" ><img decoding=\"async\" width=\"1024\" height=\"433\" src=\"http:\/\/www.zonaroja.com.mx\/wp-content\/uploads\/2022\/04\/Acuerdo-pueblos-Mixes-Zacatepec-firma-1024x433.jpg\" alt=\"\" class=\"wp-image-40429\" srcset=\"https:\/\/zonaroja.com.mx\/wp-content\/uploads\/2022\/04\/Acuerdo-pueblos-Mixes-Zacatepec-firma-1024x433.jpg 1024w, https:\/\/zonaroja.com.mx\/wp-content\/uploads\/2022\/04\/Acuerdo-pueblos-Mixes-Zacatepec-firma-300x127.jpg 300w, https:\/\/zonaroja.com.mx\/wp-content\/uploads\/2022\/04\/Acuerdo-pueblos-Mixes-Zacatepec-firma-768x325.jpg 768w, https:\/\/zonaroja.com.mx\/wp-content\/uploads\/2022\/04\/Acuerdo-pueblos-Mixes-Zacatepec-firma-1536x650.jpg 1536w, https:\/\/zonaroja.com.mx\/wp-content\/uploads\/2022\/04\/Acuerdo-pueblos-Mixes-Zacatepec-firma-2048x867.jpg 2048w, https:\/\/zonaroja.com.mx\/wp-content\/uploads\/2022\/04\/Acuerdo-pueblos-Mixes-Zacatepec-firma-1170x495.jpg 1170w, https:\/\/zonaroja.com.mx\/wp-content\/uploads\/2022\/04\/Acuerdo-pueblos-Mixes-Zacatepec-firma-1920x813.jpg 1920w, https:\/\/zonaroja.com.mx\/wp-content\/uploads\/2022\/04\/Acuerdo-pueblos-Mixes-Zacatepec-firma-585x248.jpg 585w\" sizes=\"(max-width: 1024px) 100vw, 1024px\" \/><\/a><\/figure>\n\n\n\n<p>Como punto de partida, propusieron realizar labores de diagn\u00f3stico ling\u00fc\u00edstico cuyos resultados permitir\u00e1n ver de manera clara y precisa cu\u00e1l es la situaci\u00f3n&nbsp;concreta&nbsp;de cada una de las variantes ling\u00fc\u00edsticas en cada uno de las comunidades.&nbsp;<\/p>\n\n\n\n<p>APOYO INSTITUCIONAL<\/p>\n\n\n\n<p>\u201cComo autoridades y comunidades mixes, demandamos al Estado y sus instituciones el financiamiento de proyectos&nbsp;ling\u00fc\u00edsticos, la creaci\u00f3n y sostenimientos de instituciones donde se estudien exclusivamente nuestra lengua&nbsp;y la contrataci\u00f3n&nbsp;de asesores nativo hablantes, quienes han sido preparados para este fin con base&nbsp;en&nbsp;nuestros propios esfuerzos desde el&nbsp;seno de nuestras comunidades.&nbsp;<\/p>\n\n\n\n<p>\u201cEl Estado deber\u00e1 no s\u00f3lo autorizar, sino impulsar y financiar la creaci\u00f3n de espacios de&nbsp;promoci\u00f3n&nbsp;y difusi\u00f3n de la lengua Ayuuk, a&nbsp;trav\u00e9s&nbsp;de medios&nbsp;de&nbsp;informaci\u00f3n y comunicaci\u00f3n&nbsp;culturalmente pertinentes&nbsp;que sean dirigidos&nbsp;y administrados por los mismos hablantes.<\/p>\n\n\n\n<p>\u201cExigimos al Estado mexicano, en sus tres niveles de gobierno y a sus instituciones,&nbsp;que&nbsp;cumplan y hagan cumplir todos los derechos de los pueblos ind\u00edgenas, tanto en el \u00e1mbito individual&nbsp;como&nbsp;colectivo, asentados en las leyes, pactos, declaraciones y acuerdos ratificados&nbsp;por el gobierno de M\u00e9xico\u201d, refieren.<\/p>\n\n\n\n<p>Demandan adem\u00e1s la colaboraci\u00f3n de las mismas instancias&nbsp;del Estado&nbsp;para&nbsp;el dise\u00f1o de cursos y talleres de lengua Ayuuk como lengua materna y como segunda lengua en todas sus variantes, mediante materiales educativos, did\u00e1cticas y metodolog\u00edas de&nbsp;ense\u00f1anzas aprendizajes adecuados.<\/p>\n\n\n\n<p>Hicieron un llamado a las instituciones acad\u00e9micas, locales, nacionales e internacionales, organizaciones, iniciativas e instituciones comunitarias, con tareas afines, a sumarse a los compromisos que las autoridades mixes asumen para el desarrollo y fortalecimiento de su lengua.<\/p>\n\n\n\n<p>Exhortan igualmente a los miembros de cada uno de las familias, fundamentales padres y abuelos, hacer uso de la lengua Ayuuk en sus hogares para que, a trav\u00e9s de este proceso se propicie la transmisi\u00f3n ling\u00fc\u00edstica a las nuevas generaciones.<\/p>\n\n\n\n<p>El documento lo firman autoridades de Santiago Zacatepec, Asunci\u00f3n Cacalotepec, Zompantle, Santiago Ixcuintepec, Santa Maria Alotepec, San Juan Guichicovi, Santa Mar\u00eda Matamoros, Santa Mar\u00eda Tlahuitoltepec y Amatepec.<\/p>\n\n\n\n<p>Adem\u00e1s, San Juan Jaltepec de&nbsp;Candayoc, Santiago&nbsp;Lalopa, San Lucas&nbsp;Camotl\u00e1n, San Juan Bosco Chuxnab\u00e1n, Santa Cruz Condoy, Santa Mar\u00eda Ocotepec, Santiago Amatepec, Santiago&nbsp;Tutla.<\/p>\n\n\n\n<p>Participaron tambi\u00e9n organizaciones y colectivos como Servicios del Pueblo Mixe A.C., Kumoontun,&nbsp;Colegio Mixe (Colmix), y Colectivo&nbsp;Poj&nbsp;Kaa, adem\u00e1s del Instituto Superior Intercultural Ayuuk (ISIA), y Universidad Nacional&nbsp;Aut\u00f3noma&nbsp;de M\u00e9xico (UNAM).<\/p>\n","protected":false},"excerpt":{"rendered":"<p>Ismael Garc\u00eda M.\/Zona Roja. Oaxaca de Ju\u00e1rez, Oax., 26 de abril de 2022.- Al menos&hellip;<\/p>\n","protected":false},"author":2,"featured_media":40428,"comment_status":"closed","ping_status":"open","sticky":false,"template":"","format":"standard","meta":{"_lmt_disableupdate":"","_lmt_disable":"","_jetpack_memberships_contains_paid_content":false,"footnotes":""},"categories":[109,46],"tags":[],"class_list":["post-40427","post","type-post","status-publish","format-standard","has-post-thumbnail","hentry","category-minuto-a-minuto","category-zona-blanca"],"jetpack_featured_media_url":"https:\/\/zonaroja.com.mx\/wp-content\/uploads\/2022\/04\/Acuerdo-pueblso-Mixes-Zacatepec.jpg","jetpack_sharing_enabled":true,"_links":{"self":[{"href":"https:\/\/zonaroja.com.mx\/index.php?rest_route=\/wp\/v2\/posts\/40427","targetHints":{"allow":["GET"]}}],"collection":[{"href":"https:\/\/zonaroja.com.mx\/index.php?rest_route=\/wp\/v2\/posts"}],"about":[{"href":"https:\/\/zonaroja.com.mx\/index.php?rest_route=\/wp\/v2\/types\/post"}],"author":[{"embeddable":true,"href":"https:\/\/zonaroja.com.mx\/index.php?rest_route=\/wp\/v2\/users\/2"}],"replies":[{"embeddable":true,"href":"https:\/\/zonaroja.com.mx\/index.php?rest_route=%2Fwp%2Fv2%2Fcomments&post=40427"}],"version-history":[{"count":2,"href":"https:\/\/zonaroja.com.mx\/index.php?rest_route=\/wp\/v2\/posts\/40427\/revisions"}],"predecessor-version":[{"id":40432,"href":"https:\/\/zonaroja.com.mx\/index.php?rest_route=\/wp\/v2\/posts\/40427\/revisions\/40432"}],"wp:featuredmedia":[{"embeddable":true,"href":"https:\/\/zonaroja.com.mx\/index.php?rest_route=\/wp\/v2\/media\/40428"}],"wp:attachment":[{"href":"https:\/\/zonaroja.com.mx\/index.php?rest_route=%2Fwp%2Fv2%2Fmedia&parent=40427"}],"wp:term":[{"taxonomy":"category","embeddable":true,"href":"https:\/\/zonaroja.com.mx\/index.php?rest_route=%2Fwp%2Fv2%2Fcategories&post=40427"},{"taxonomy":"post_tag","embeddable":true,"href":"https:\/\/zonaroja.com.mx\/index.php?rest_route=%2Fwp%2Fv2%2Ftags&post=40427"}],"curies":[{"name":"wp","href":"https:\/\/api.w.org\/{rel}","templated":true}]}}