{"id":40433,"date":"2022-04-26T07:49:50","date_gmt":"2022-04-26T12:49:50","guid":{"rendered":"http:\/\/www.zonaroja.com.mx\/?p=40433"},"modified":"2022-04-26T07:50:12","modified_gmt":"2022-04-26T12:50:12","slug":"opinion-oaxaca-capital-un-desastre","status":"publish","type":"post","link":"https:\/\/zonaroja.com.mx\/?p=40433","title":{"rendered":"Opini\u00f3n. Oaxaca capital: un desastre"},"content":{"rendered":"\n<p>N\u00e9stor Y. S\u00e1nchez Islas&nbsp;<\/p>\n\n\n\n<p class=\"has-text-align-right\">*Con profundo afecto y respeto a la memoria de Felipe S\u00e1nchez Jim\u00e9nez*.<\/p>\n\n\n\n<p>Se prometi\u00f3 la esperanza y una transformaci\u00f3n. Nadie las ha visto ni siquiera se asomaron porque lo que nos vendieron como el fin de una \u00e9poca negra y el inicio de un nuevo despertar es, sencillamente, una ciudad de incertidumbre y marcada por el desd\u00e9n a la legalidad.<\/p>\n\n\n\n<p>Si bien nunca fue nuestra capital un para\u00edso tuvo muchos mejores momentos en a\u00f1os pasados que ahora. El viejo r\u00e9gimen nunca se fue, solo se transform\u00f3 y el \u201cmovimiento\u201d que hoy tiene el poder es un digno hijo y heredero de aquellas&nbsp;ma\u00f1as.&nbsp;Siguen&nbsp;igual, evaden los problemas, los administran y los dejan para el gobierno que venga. Lo que s\u00ed resuelven es si situaci\u00f3n econ\u00f3mica.<\/p>\n\n\n\n<p>Nadamos en un mar de basura y contaminaci\u00f3n. Rincones, fuentes y parque son un dep\u00f3sito de basura, orines y heces fecales.<\/p>\n\n\n\n<p>La anarqu\u00eda en las calles es la nueva cultura oaxaque\u00f1a. Poco a poco, como las hormigas, los ambulantes triquis vuelven a colonizarlas y&nbsp;tambi\u00e9n los espacios&nbsp;tur\u00edsticos. Tiene esa etnia la simpat\u00eda del edil citadino y les retribuye mirando hacia otro lado y no aplic\u00e1ndoles los reglamentos que protest\u00f3 hacer cumplir. De alguna forma hay que&nbsp;consentir&nbsp;a la clientela electoral.<\/p>\n\n\n\n<p>Puede nuestra ciudad tener bloqueado el andador tur\u00edstico, principal ruta para los visitantes, por los acomplejados normalistas y el poder del Estado permanecer pasivo.&nbsp;As\u00ed como ser golpeado por defender el muro de tu casa de las pintas salvajes de las hordas de \u201cSol Rojo\u201d, otro grupo alcahueteado por la 4T.<\/p>\n\n\n\n<p>Edificios p\u00fablicos, privados, religiosos o culturales totalmente vandalizados. Un grafiti sobre otro, ya no caben en las paredes. Pero ni siquiera son por buenas causas, son parte del victimismo y dramatismo de los chantajistas sociales a las&nbsp;que son tan afines los del grupo en el poder. La moda ahora es cubrir las paredes de todo tipo de pegatinas, mezclando algunas buenas expresiones de arte urbano con todo tipo de&nbsp;basura pseudo art\u00edstica.<\/p>\n\n\n\n<p>El mobiliario urbano, el poco que queda, en el total abandono. Cestos de basura destartalados, sem\u00e1foros inservibles, jardineras cubiertas&nbsp;con costras&nbsp;de mugre o en posesi\u00f3n de alg\u00fan&nbsp;ambulante&nbsp;o persona fumando mariguana&nbsp;porque ya lo permite la autoridad.<\/p>\n\n\n\n<p>Todo eso en el centro hist\u00f3rico. Pero fuera de \u00e9l las cosas son mucho peores porque el turismo no se asoma por esos lares.<\/p>\n\n\n\n<p>Los rumbos de Montoya, San Mart\u00edn o San Juanito&nbsp;son el verdadero rostro del Oaxaca aut\u00e9ntico: no hay una sola calle o banqueta en buenas condiciones. Basura, tierra, polvo, mototaxistas y&nbsp;\u201curbaneros\u201d&nbsp;conviven en una sincron\u00eda de caos que algunas veces culmina en tr\u00e1gico accidente mortal como el que cost\u00f3 la vida a un ciclista en la zona de Santa Rosa. Presumen obras, pero no en donde se necesitan. Construyeron su ciclov\u00eda en las calles del centro y la colonia Reforma, pero hacen&nbsp;falta en otras calles y avenidas. La ciclov\u00eda es responsabilidad de la Secretar\u00eda de Movilidad estatal, pero el ayuntamiento la autoriz\u00f3.<\/p>\n\n\n\n<p>Tambi\u00e9n las zonas de Viguera, Pueblo Nuevo, Volcanes, Dolores, Donaj\u00ed o San Luis Beltr\u00e1n, todas en una&nbsp;p\u00e9rfida&nbsp;situaci\u00f3n de abandono porque, a pesar de que el discurso dice que primero son los pobres, les&nbsp;han quitado recursos a los municipios para cubrir muchos servicios que hacen falta en esas zonas. No se diga \u00fanicamente que les quitaron las estancias infantiles y les han reducido el servicio m\u00e9dico, ha dejado la autoridad tal vac\u00edo que cada zona tiene a una mafia que las controla que, normalmente, se agrupa a alg\u00fan sindicato de transportistas&nbsp;o de narcomenudistas.<\/p>\n\n\n\n<p>La falta de vigilancia ha provocado el aumento de la inseguridad, un problema que azota a todo el pa\u00eds y que, en la capital, acaba de golpear a los m\u00e1s pudientes al dejar, en una sola noche, a muchos veh\u00edculos de lujo sobre ladrillos. Nadie se salva.<\/p>\n\n\n\n<p>En contraste al abandono, el municipio s\u00ed tiene recursos para organizar desfiles de carnaval y ferias en la que se nota que, para este gobierno hay niveles, no todos somos iguales.<\/p>\n\n\n\n<p>Unas viejas lonas verdes sostenidas con oxidados tubos y amarradas con gruesos mecates al suelo y otras estructuras. En medio unas mesas de pl\u00e1stico con un pa\u00f1o blanco y, por las noches, iluminadas con focos de alg\u00fan vecindario. As\u00ed fue la feria del emprendimiento.<\/p>\n\n\n\n<p>Toldos de lujo, con cielo raso para ocultar las estructuras met\u00e1licas, luces atenuadas y un dise\u00f1o interior&nbsp;al \u00faltimo grito de la moda, nada de mecates a la vista ni fierros oxidados, cual boda privada de gran&nbsp;pompa, el municipio se gast\u00f3 sus dineros en un encuentro de comideras, como se les dice en Oaxaca a las cocineras.<\/p>\n\n\n\n<p>Hay niveles y una visi\u00f3n excluyente y clasista para otorgar el trato igualitario que, se supone, deber\u00eda provenir de un gobierno del pueblo para el pueblo.Clasismo desde el municipio&nbsp;pagado con el erario.<\/p>\n\n\n\n<p>S\u00ed, la promoci\u00f3n tur\u00edstica la justifica, pero&nbsp;\u00bfesa es la \u00fanica raz\u00f3n?<\/p>\n\n\n\n<p>Twitter @nestoryuri<\/p>\n","protected":false},"excerpt":{"rendered":"<p>N\u00e9stor Y. S\u00e1nchez Islas&nbsp; *Con profundo afecto y respeto a la memoria de Felipe S\u00e1nchez&hellip;<\/p>\n","protected":false},"author":2,"featured_media":15256,"comment_status":"closed","ping_status":"open","sticky":false,"template":"","format":"standard","meta":{"_lmt_disableupdate":"","_lmt_disable":"","_jetpack_memberships_contains_paid_content":false,"footnotes":""},"categories":[456,109],"tags":[3050],"class_list":["post-40433","post","type-post","status-publish","format-standard","has-post-thumbnail","hentry","category-columna","category-minuto-a-minuto","tag-nestor-yuri-sanchez"],"jetpack_featured_media_url":"https:\/\/zonaroja.com.mx\/wp-content\/uploads\/2020\/07\/Ciudad-de-Oaxaca-3.png","jetpack_sharing_enabled":true,"_links":{"self":[{"href":"https:\/\/zonaroja.com.mx\/index.php?rest_route=\/wp\/v2\/posts\/40433","targetHints":{"allow":["GET"]}}],"collection":[{"href":"https:\/\/zonaroja.com.mx\/index.php?rest_route=\/wp\/v2\/posts"}],"about":[{"href":"https:\/\/zonaroja.com.mx\/index.php?rest_route=\/wp\/v2\/types\/post"}],"author":[{"embeddable":true,"href":"https:\/\/zonaroja.com.mx\/index.php?rest_route=\/wp\/v2\/users\/2"}],"replies":[{"embeddable":true,"href":"https:\/\/zonaroja.com.mx\/index.php?rest_route=%2Fwp%2Fv2%2Fcomments&post=40433"}],"version-history":[{"count":2,"href":"https:\/\/zonaroja.com.mx\/index.php?rest_route=\/wp\/v2\/posts\/40433\/revisions"}],"predecessor-version":[{"id":40435,"href":"https:\/\/zonaroja.com.mx\/index.php?rest_route=\/wp\/v2\/posts\/40433\/revisions\/40435"}],"wp:featuredmedia":[{"embeddable":true,"href":"https:\/\/zonaroja.com.mx\/index.php?rest_route=\/wp\/v2\/media\/15256"}],"wp:attachment":[{"href":"https:\/\/zonaroja.com.mx\/index.php?rest_route=%2Fwp%2Fv2%2Fmedia&parent=40433"}],"wp:term":[{"taxonomy":"category","embeddable":true,"href":"https:\/\/zonaroja.com.mx\/index.php?rest_route=%2Fwp%2Fv2%2Fcategories&post=40433"},{"taxonomy":"post_tag","embeddable":true,"href":"https:\/\/zonaroja.com.mx\/index.php?rest_route=%2Fwp%2Fv2%2Ftags&post=40433"}],"curies":[{"name":"wp","href":"https:\/\/api.w.org\/{rel}","templated":true}]}}