{"id":40439,"date":"2022-04-26T08:06:21","date_gmt":"2022-04-26T13:06:21","guid":{"rendered":"http:\/\/www.zonaroja.com.mx\/?p=40439"},"modified":"2022-04-26T08:06:23","modified_gmt":"2022-04-26T13:06:23","slug":"sheinnbaum-exige-a-gobierno-de-oaxaca-resolver-problema-de-triquis-en-cdmx","status":"publish","type":"post","link":"https:\/\/zonaroja.com.mx\/?p=40439","title":{"rendered":"Sheinnbaum exige a gobierno de Oaxaca resolver problema de triquis en Cdmx"},"content":{"rendered":"\n<p>Redacci\u00f3n\/Zona Roja Cdmx.<\/p>\n\n\n\n<p>Ciudad de M\u00e9xico, 26 de abril de 2022.- Tras el desalojo del \u201cplant\u00f3n\u201d de la avenida Ju\u00e1rez de la Ciudad de M\u00e9xico, la jefa de Gobierno, Claudia Sheinbaum, exigi\u00f3 atender y resolver la problem\u00e1tica de ind\u00edgenas triquis desplazados.<\/p>\n\n\n\n<p>Y es que desde hace un a\u00f1o y cuatro meses, una representaci\u00f3n de pobladores de Tierra Blanca C\u00f3pala, Santiago Juxtlahuaca, se encuentra en protesta en la capital del pa\u00eds.<\/p>\n\n\n\n<p>En distintas ocasiones han realizado bloqueos, protestas y bloqueo de vialidades, para exigir a la Secretar\u00eda de Gobernaci\u00f3n y al gobierno de Oaxaca su retorno a su tierra, de la que fueron desplazados desde diciembre de 2020.<\/p>\n\n\n\n<p>\u201cNosotros recibimos hace una semana la notificaci\u00f3n de la Comisi\u00f3n de los Derechos Humanos muy preocupados por la situaci\u00f3n de las ni\u00f1as y ni\u00f1os en el campamento, eso fue lo que hizo tomar esta decisi\u00f3n (de retirar el \u201cplant\u00f3n\u201d).<\/p>\n\n\n\n<p>\u201cAdem\u00e1s de que hemos estado esperando una soluci\u00f3n en Oaxaca, porque hay que recordar esto, esto es un problema en Oaxaca y hemos estado esperando a que la soluci\u00f3n se diera en Oaxaca, entonces dado que no ha podido resolverse esta situaci\u00f3n para que ellos regresaran al pueblo de origen, la decisi\u00f3n que tomamos por los ni\u00f1os y ni\u00f1as y sus derechos humanos es trasladarlos a un albergue que tenga todas las condiciones, eso es lo que hicimos.\u00a0<\/p>\n\n\n\n<figure class=\"wp-block-embed is-type-rich is-provider-twitter wp-block-embed-twitter\"><div class=\"wp-block-embed__wrapper\">\n<div class=\"twitter-tweet\"><blockquote class=\"twitter-tweet\" data-lang=\"es\"><p lang=\"es\" dir=\"ltr\"><a href=\"https:\/\/twitter.com\/hashtag\/%C3%9AltimoMinuto?src=hash&amp;ref_src=twsrc%5Etfw\">#\u00daltimoMinuto<\/a> <br>Ind\u00edgenas <a href=\"https:\/\/twitter.com\/hashtag\/Triquis?src=hash&amp;ref_src=twsrc%5Etfw\">#Triquis<\/a> de Tierra Blanca Copala, <a href=\"https:\/\/twitter.com\/hashtag\/Oaxaca?src=hash&amp;ref_src=twsrc%5Etfw\">#Oaxaca<\/a>, fueron desalojados la madrugada de hoy del \u201cplant\u00f3n\u201dque manten\u00edan en la Ciudad de M\u00e9xico y llevados a un albergue.<br>Denuncian p\u00e9simas condiciones, por lo cual esta tarde bloquean calles. <br>Video: <a href=\"https:\/\/twitter.com\/abismada_?ref_src=twsrc%5Etfw\">@abismada_<\/a>. <a href=\"https:\/\/t.co\/BOSLdgOEgo\">pic.twitter.com\/BOSLdgOEgo<\/a><\/p>&mdash; Zona Roja Oaxaca (@ZonaRoja_Oaxaca) <a href=\"https:\/\/twitter.com\/ZonaRoja_Oaxaca\/status\/1518739690429558785?ref_src=twsrc%5Etfw\">25 de abril de 2022<\/a><\/blockquote><\/div>\n<\/div><\/figure>\n\n\n\n<p>\u201cNo es que se quit\u00f3 el campamento y no sabemos d\u00f3nde est\u00e1n las personas, al contrario digamos que fueron trasladados de un lugar insalubre a un lugar donde tienen mucho mejores condiciones de vida las ni\u00f1as, ni\u00f1os y las personas ah\u00ed\u201d, expres\u00f3 Sheinbaum ayer en conferencia de prensa.<\/p>\n\n\n\n<p>La madrugada de este lunes, tras un a\u00f1o y cuatro meses de permanecer en avenida Ju\u00e1rez, casi esquina con Eje Central, el \u201cplant\u00f3n\u201d triqui fue reubicado en un lugar de la colonia Valle G\u00f3mez.&nbsp;<\/p>\n\n\n\n<p>No obstante, por la tarde-noche, los desplazados se inconformaron aludiendo que no hab\u00eda condiciones adecuadas en el nuevo albergue, por lo cual bloquearon de nuevo diversas vialidades.<\/p>\n\n\n\n<p>Elementos policiacos de la capital del pa\u00eds los \u201cencapsularon\u201d y desalojaron las vialidades. Este d\u00eda, los ind\u00edgenas triquis analizan iniciar tambi\u00e9n movilizaciones en el estado de Oaxaca.<\/p>\n\n\n\n<figure class=\"wp-block-embed is-type-rich is-provider-twitter wp-block-embed-twitter\"><div class=\"wp-block-embed__wrapper\">\n<div class=\"twitter-tweet\"><blockquote class=\"twitter-tweet\" data-lang=\"es\"><p lang=\"es\" dir=\"ltr\">\u00bfLo vio? As\u00ed fue ayer por la tarde la persecuci\u00f3n de ind\u00edgenas triquis por parte polic\u00edas de la Ciudad de M\u00e9xico, tras desalojo de un \u201cplant\u00f3n\u201d.<br>La jefa de Gobierno, <a href=\"https:\/\/twitter.com\/Claudiashein?ref_src=twsrc%5Etfw\">@Claudiashein<\/a>, exige al gobierno de <a href=\"https:\/\/twitter.com\/hashtag\/Oaxaca?src=hash&amp;ref_src=twsrc%5Etfw\">#Oaxaca<\/a> que solucione problem\u00e1tica de los desplazados. <a href=\"https:\/\/t.co\/gpWWJ2RJIu\">pic.twitter.com\/gpWWJ2RJIu<\/a><\/p>&mdash; Zona Roja Oaxaca (@ZonaRoja_Oaxaca) <a href=\"https:\/\/twitter.com\/ZonaRoja_Oaxaca\/status\/1518928145134596102?ref_src=twsrc%5Etfw\">26 de abril de 2022<\/a><\/blockquote><\/div>\n<\/div><\/figure>\n","protected":false},"excerpt":{"rendered":"<p>Redacci\u00f3n\/Zona Roja Cdmx. Ciudad de M\u00e9xico, 26 de abril de 2022.- Tras el desalojo del&hellip;<\/p>\n","protected":false},"author":2,"featured_media":40440,"comment_status":"closed","ping_status":"open","sticky":false,"template":"","format":"standard","meta":{"_lmt_disableupdate":"","_lmt_disable":"","_jetpack_memberships_contains_paid_content":false,"footnotes":""},"categories":[109,47],"tags":[],"class_list":["post-40439","post","type-post","status-publish","format-standard","has-post-thumbnail","hentry","category-minuto-a-minuto","category-zona-gris"],"jetpack_featured_media_url":"https:\/\/zonaroja.com.mx\/wp-content\/uploads\/2022\/04\/Triquis-desalojo-Ciudad-de-Mexico.jpg","jetpack_sharing_enabled":true,"_links":{"self":[{"href":"https:\/\/zonaroja.com.mx\/index.php?rest_route=\/wp\/v2\/posts\/40439","targetHints":{"allow":["GET"]}}],"collection":[{"href":"https:\/\/zonaroja.com.mx\/index.php?rest_route=\/wp\/v2\/posts"}],"about":[{"href":"https:\/\/zonaroja.com.mx\/index.php?rest_route=\/wp\/v2\/types\/post"}],"author":[{"embeddable":true,"href":"https:\/\/zonaroja.com.mx\/index.php?rest_route=\/wp\/v2\/users\/2"}],"replies":[{"embeddable":true,"href":"https:\/\/zonaroja.com.mx\/index.php?rest_route=%2Fwp%2Fv2%2Fcomments&post=40439"}],"version-history":[{"count":1,"href":"https:\/\/zonaroja.com.mx\/index.php?rest_route=\/wp\/v2\/posts\/40439\/revisions"}],"predecessor-version":[{"id":40441,"href":"https:\/\/zonaroja.com.mx\/index.php?rest_route=\/wp\/v2\/posts\/40439\/revisions\/40441"}],"wp:featuredmedia":[{"embeddable":true,"href":"https:\/\/zonaroja.com.mx\/index.php?rest_route=\/wp\/v2\/media\/40440"}],"wp:attachment":[{"href":"https:\/\/zonaroja.com.mx\/index.php?rest_route=%2Fwp%2Fv2%2Fmedia&parent=40439"}],"wp:term":[{"taxonomy":"category","embeddable":true,"href":"https:\/\/zonaroja.com.mx\/index.php?rest_route=%2Fwp%2Fv2%2Fcategories&post=40439"},{"taxonomy":"post_tag","embeddable":true,"href":"https:\/\/zonaroja.com.mx\/index.php?rest_route=%2Fwp%2Fv2%2Ftags&post=40439"}],"curies":[{"name":"wp","href":"https:\/\/api.w.org\/{rel}","templated":true}]}}