{"id":40443,"date":"2022-04-26T14:22:16","date_gmt":"2022-04-26T19:22:16","guid":{"rendered":"https:\/\/www.zonaroja.com.mx\/?p=40443"},"modified":"2022-04-26T14:22:56","modified_gmt":"2022-04-26T19:22:56","slug":"demandan-a-nuevo-rector-de-la-uabjo-revision-de-emplazamiento-a-huelga","status":"publish","type":"post","link":"https:\/\/zonaroja.com.mx\/?p=40443","title":{"rendered":"Demandan a nuevo rector de la UABJO revisi\u00f3n de emplazamiento a huelga"},"content":{"rendered":"\n<p>Yuridiana Sosa\/Zona Roja.<\/p>\n\n\n\n<p>Oaxaca de Ju\u00e1rez, Oax., 26 de abril de 2022.- A tres d\u00edas de formalizada su toma de protesta como rector de la Universidad Aut\u00f3noma \u201cBenito Ju\u00e1rez\u201d de Oaxaca (UABJO), Cristian \u00c9der Carre\u00f1o L\u00f3pez recibi\u00f3 su primera exigencia laboral por parte del STEUABJO, para que revise su emplazamiento a huelga a la brevedad.<\/p>\n\n\n\n<p>El Sindicato de Trabajadores y Empleados de la Universidad Aut\u00f3noma \u201cBenito Ju\u00e1rez\u201d de Oaxaca (STEUABJO), encabezado por Ariel Luj\u00e1n, se manifest\u00f3&nbsp;este martes&nbsp;frente a la sede de la Junta Local de Conciliaci\u00f3n y Arbitraje (JLCA), y un bloqueo en el bulevar Eduardo Vasconcelos, para exigir&nbsp;la atenci\u00f3n de la revisi\u00f3n contractual luego de hasta tres aplazamientos por diferentes causas.<\/p>\n\n\n\n<p>Los afectados llamaron al nuevo rector a que retome el di\u00e1logo para llegar a una pronta conclusi\u00f3n de este conflicto, del que han asegurado influencias que impiden el libre ejercicio del \u00e1rbitro laboral.<\/p>\n\n\n\n<p>El secretario general del STEUABJO, Ariel Luj\u00e1n, se\u00f1al\u00f3 que en medio de un proceso de revisi\u00f3n la Junta Local ha bloqueado la fluidez del caso con las constantes suspensiones de actividades en el organismo con la excusa de la pandemia de covid-19 y brotes de casos en las oficinas.<\/p>\n\n\n\n<p>Sin embargo, estos recesos se registran en fechas cercanas a los emplazamientos, pero sin que existan avances en las negociaciones entre los trabajadores y el patr\u00f3n.<\/p>\n\n\n\n<p>Por ello, demandaron a Carre\u00f1o L\u00f3pez que inicie, como cabeza de la parte laboral, las mesas de di\u00e1logo para conocer de forma directa las demandas de los trabajadores de la Universidad que ahora representa.<\/p>\n","protected":false},"excerpt":{"rendered":"<p>Yuridiana Sosa\/Zona Roja. Oaxaca de Ju\u00e1rez, Oax., 26 de abril de 2022.- A tres d\u00edas&hellip;<\/p>\n","protected":false},"author":2,"featured_media":40442,"comment_status":"closed","ping_status":"open","sticky":false,"template":"","format":"standard","meta":{"_lmt_disableupdate":"","_lmt_disable":"","_jetpack_memberships_contains_paid_content":false,"footnotes":""},"categories":[1,47],"tags":[],"class_list":["post-40443","post","type-post","status-publish","format-standard","has-post-thumbnail","hentry","category-sin-categoria","category-zona-gris"],"jetpack_featured_media_url":"https:\/\/zonaroja.com.mx\/wp-content\/uploads\/2022\/04\/97d78cff-5815-40d9-8784-8284d9bb91e0.jpg","jetpack_sharing_enabled":true,"_links":{"self":[{"href":"https:\/\/zonaroja.com.mx\/index.php?rest_route=\/wp\/v2\/posts\/40443","targetHints":{"allow":["GET"]}}],"collection":[{"href":"https:\/\/zonaroja.com.mx\/index.php?rest_route=\/wp\/v2\/posts"}],"about":[{"href":"https:\/\/zonaroja.com.mx\/index.php?rest_route=\/wp\/v2\/types\/post"}],"author":[{"embeddable":true,"href":"https:\/\/zonaroja.com.mx\/index.php?rest_route=\/wp\/v2\/users\/2"}],"replies":[{"embeddable":true,"href":"https:\/\/zonaroja.com.mx\/index.php?rest_route=%2Fwp%2Fv2%2Fcomments&post=40443"}],"version-history":[{"count":1,"href":"https:\/\/zonaroja.com.mx\/index.php?rest_route=\/wp\/v2\/posts\/40443\/revisions"}],"predecessor-version":[{"id":40444,"href":"https:\/\/zonaroja.com.mx\/index.php?rest_route=\/wp\/v2\/posts\/40443\/revisions\/40444"}],"wp:featuredmedia":[{"embeddable":true,"href":"https:\/\/zonaroja.com.mx\/index.php?rest_route=\/wp\/v2\/media\/40442"}],"wp:attachment":[{"href":"https:\/\/zonaroja.com.mx\/index.php?rest_route=%2Fwp%2Fv2%2Fmedia&parent=40443"}],"wp:term":[{"taxonomy":"category","embeddable":true,"href":"https:\/\/zonaroja.com.mx\/index.php?rest_route=%2Fwp%2Fv2%2Fcategories&post=40443"},{"taxonomy":"post_tag","embeddable":true,"href":"https:\/\/zonaroja.com.mx\/index.php?rest_route=%2Fwp%2Fv2%2Ftags&post=40443"}],"curies":[{"name":"wp","href":"https:\/\/api.w.org\/{rel}","templated":true}]}}