{"id":40445,"date":"2022-04-26T15:23:56","date_gmt":"2022-04-26T20:23:56","guid":{"rendered":"http:\/\/www.zonaroja.com.mx\/?p=40445"},"modified":"2022-04-26T15:24:00","modified_gmt":"2022-04-26T20:24:00","slug":"vuelve-bloqueo-en-lachita-ante-desatencion-de-segego-por-mas-de-dos-anos","status":"publish","type":"post","link":"https:\/\/zonaroja.com.mx\/?p=40445","title":{"rendered":"Vuelve bloqueo en Lachit\u00e1 ante desatenci\u00f3n de Segego por m\u00e1s de dos a\u00f1os"},"content":{"rendered":"\n<p>Yuridiana Sosa\/Zona Roja.<\/p>\n\n\n\n<p>Oaxaca de Ju\u00e1rez, Oax., 26 de abril de 2022.- El conflicto interno en San Melchor Betaza, en la Sierra Norte, entre la autoridad municipal y la agencia de Santo Tom\u00e1s Lachit\u00e1, se intensific\u00f3 ante la desatenci\u00f3n de m\u00e1s de dos a\u00f1os de la Secretar\u00eda General de Gobierno (Segego), por lo que vuelven a instalar un bloqueo indefinido en el tramo carretero Cajonos- Villa Alta.<\/p>\n\n\n\n<p>La manifestaci\u00f3n para exigir la entrega de sus participaciones correspondientes al Ramo 28 y 33 se desarrolla al tiempo que las autoridades auxiliares mantienen de forma paralela una lucha por su derecho a votar y ser votados como integrantes del Cabildo.<\/p>\n\n\n\n<p>Representantes de Santo Tom\u00e1s Lachit\u00e1 detallaron en conferencia de prensa, en la capital del estado, la problem\u00e1tica que la poblaci\u00f3n enfrenta por el autoritarismo y condicionamientos a la entrega de recursos con la que ha actuado desde hace varios a\u00f1os la presidencia municipal, dirigida actualmente por Policarpo Maza.<\/p>\n\n\n\n<p>Tanto el a\u00f1o pasado como el que transcurre esta agencia no ha recibido el dinero que les corresponde para la ejecuci\u00f3n de obras, mientras que en el municipio no existen obras importantes, las existentes son de mala calidad o s\u00f3lo \u201celefantes blancos\u201d, y a pesar de ser denunciados estos actos ante la Segego, no hay soluci\u00f3n, se\u00f1al\u00f3 el representante legal, Fernando Vargas Jim\u00e9nez.<\/p>\n\n\n\n<p>Este a\u00f1o, el ayuntamiento le quiere otorgar siete mil 500 pesos de un total de 52 mil pesos que recibe cada mes del Ramo 28; del ramo 33, m\u00e1s de un mill\u00f3n de pesos y 200 mil pesos del fondo IV.<\/p>\n\n\n\n<figure class=\"wp-block-embed is-type-rich is-provider-twitter wp-block-embed-twitter\"><div class=\"wp-block-embed__wrapper\">\n<div class=\"twitter-tweet\"><blockquote class=\"twitter-tweet\" data-lang=\"es\"><p lang=\"es\" dir=\"ltr\">Oaxaca de Ju\u00e1rez, Oax., 26 de abril 2022.- Conferencia de prensa de autoridades de la Sierra Norte del estado, agencia Santo Tom\u00e1s Lachit\u00e1, por conflictos con San Melchor Betaza. Iniciaron bloqueo carretero en la zona. <br>Siga la transmisi\u00f3n:<br>\ud83d\udc47<a href=\"https:\/\/t.co\/jaPs8opwVA\">https:\/\/t.co\/jaPs8opwVA<\/a> <a href=\"https:\/\/t.co\/MzTr08t7LG\">pic.twitter.com\/MzTr08t7LG<\/a><\/p>&mdash; Zona Roja Oaxaca (@ZonaRoja_Oaxaca) <a href=\"https:\/\/twitter.com\/ZonaRoja_Oaxaca\/status\/1518986819596996608?ref_src=twsrc%5Etfw\">26 de abril de 2022<\/a><\/blockquote><\/div>\n<\/div><\/figure>\n\n\n\n<p>El septiembre del a\u00f1o pasado Lachit\u00e1 instal\u00f3 por tres meses un bloqueo en el mismo punto que hoy vuelven a cerrar, para exigir recursos, pero parece ser que nadie puede atender este problema, que nadie le puede poner un alto a la corrupci\u00f3n en los ayuntamientos\u201d, manifestaron.<\/p>\n\n\n\n<p>DERECHO A SER VOTADOS<\/p>\n\n\n\n<p>Durante su conferencia frente a las instalaciones del Instituto Estatal Electoral y de Participaci\u00f3n Ciudadana de Oaxaca (IEEPCO), la representaci\u00f3n de un frente de agencias anunci\u00f3 que est\u00e1n en lucha para que su derecho a ser electos como parte del cabildo municipal avance.<\/p>\n\n\n\n<p>Rumbo al proceso electoral de San Melchor Betaza, por Sistemas Normativos Internos, programado para septiembre, los agentes municipales y de polic\u00eda exigen ser votados como presidentes municipales, pues hasta ahora es un derecho negado.<\/p>\n\n\n\n<p>Fernando Vargas Jim\u00e9nez dijo que est\u00e1n en mesas de di\u00e1logo con el IEEPCO y tambi\u00e9n presentar\u00e1n una iniciativa de ley ante el Congreso de Oaxaca para que se reconozca en la constituci\u00f3n estatal este derecho, as\u00ed como otra en la que la Ley Org\u00e1nica Municipal indique que los recursos deben otorgarse directamente a las comunidades.<\/p>\n\n\n\n<p>A nivel estatal se ha organizado un frente de agencias con 48 autoridades auxiliares de la Sierra Norte, sierra Mixe, parte del Istmo, Sierra Chontal y la Mixteca, quienes luchan por estos derechos.<\/p>\n","protected":false},"excerpt":{"rendered":"<p>Yuridiana Sosa\/Zona Roja. Oaxaca de Ju\u00e1rez, Oax., 26 de abril de 2022.- El conflicto interno&hellip;<\/p>\n","protected":false},"author":2,"featured_media":40446,"comment_status":"closed","ping_status":"open","sticky":false,"template":"","format":"standard","meta":{"_lmt_disableupdate":"","_lmt_disable":"","_jetpack_memberships_contains_paid_content":false,"footnotes":""},"categories":[109,47],"tags":[2882],"class_list":["post-40445","post","type-post","status-publish","format-standard","has-post-thumbnail","hentry","category-minuto-a-minuto","category-zona-gris","tag-santo-tomas-lachita"],"jetpack_featured_media_url":"https:\/\/zonaroja.com.mx\/wp-content\/uploads\/2022\/04\/Conferencia-Santo-Tomas-Lachita.jpg","jetpack_sharing_enabled":true,"_links":{"self":[{"href":"https:\/\/zonaroja.com.mx\/index.php?rest_route=\/wp\/v2\/posts\/40445","targetHints":{"allow":["GET"]}}],"collection":[{"href":"https:\/\/zonaroja.com.mx\/index.php?rest_route=\/wp\/v2\/posts"}],"about":[{"href":"https:\/\/zonaroja.com.mx\/index.php?rest_route=\/wp\/v2\/types\/post"}],"author":[{"embeddable":true,"href":"https:\/\/zonaroja.com.mx\/index.php?rest_route=\/wp\/v2\/users\/2"}],"replies":[{"embeddable":true,"href":"https:\/\/zonaroja.com.mx\/index.php?rest_route=%2Fwp%2Fv2%2Fcomments&post=40445"}],"version-history":[{"count":1,"href":"https:\/\/zonaroja.com.mx\/index.php?rest_route=\/wp\/v2\/posts\/40445\/revisions"}],"predecessor-version":[{"id":40447,"href":"https:\/\/zonaroja.com.mx\/index.php?rest_route=\/wp\/v2\/posts\/40445\/revisions\/40447"}],"wp:featuredmedia":[{"embeddable":true,"href":"https:\/\/zonaroja.com.mx\/index.php?rest_route=\/wp\/v2\/media\/40446"}],"wp:attachment":[{"href":"https:\/\/zonaroja.com.mx\/index.php?rest_route=%2Fwp%2Fv2%2Fmedia&parent=40445"}],"wp:term":[{"taxonomy":"category","embeddable":true,"href":"https:\/\/zonaroja.com.mx\/index.php?rest_route=%2Fwp%2Fv2%2Fcategories&post=40445"},{"taxonomy":"post_tag","embeddable":true,"href":"https:\/\/zonaroja.com.mx\/index.php?rest_route=%2Fwp%2Fv2%2Ftags&post=40445"}],"curies":[{"name":"wp","href":"https:\/\/api.w.org\/{rel}","templated":true}]}}