{"id":40455,"date":"2022-04-26T17:56:45","date_gmt":"2022-04-26T22:56:45","guid":{"rendered":"https:\/\/www.zonaroja.com.mx\/?p=40455"},"modified":"2022-04-26T18:09:32","modified_gmt":"2022-04-26T23:09:32","slug":"asegura-prd-fortalecerse-en-oaxaca-con-actual-proceso-electoral-dara-mas-de-200-mil-votos","status":"publish","type":"post","link":"https:\/\/zonaroja.com.mx\/?p=40455","title":{"rendered":"Asegura PRD fortalecerse en Oaxaca con actual proceso electoral; dar\u00e1 m\u00e1s de 200 mil votos"},"content":{"rendered":"\n<p>Yuridiana Sosa\/Zona Roja.&nbsp;<\/p>\n\n\n\n<p>Oaxaca de Ju\u00e1rez, Oax., 26 de abril de 2022.- Camino a la jornada electoral por la gubernatura de Oaxaca, el Partido de la Revoluci\u00f3n Democr\u00e1tica (PRD) hace campa\u00f1a alterna a la candidatura com\u00fan de Alejandro Avil\u00e9s \u00c1lvarez para fortalecerse previo y posterior al proceso electoral, del que asegura resultar\u00e1n vencedores.<\/p>\n\n\n\n<p>As\u00ed lo se\u00f1al\u00f3 el presidente del Comit\u00e9 Estatal, Tom\u00e1s Basald\u00fa Guti\u00e9rrez, quien en compa\u00f1\u00eda de la dirigencia y l\u00edderes del partido en Oaxaca, ofreci\u00f3 conferencia de prensa para detallar las actividades del \u201cSol Azteca\u201d en el actual proceso en el que quieren dejar huella por cuenta propia.&nbsp;<\/p>\n\n\n\n<p>La ausencia del PRD en algunas actividades de campa\u00f1a de su candidato com\u00fan con el PRI tiene una justificaci\u00f3n al ser parte de una estrategia, indic\u00f3 Balsada\u00fa Gutierrez.<\/p>\n\n\n\n<p>El objetivo es que el partido cuente con identidad propia en la jornada electoral y no s\u00f3lo ser el aliado del PRI, pues se trata de ofrecer resultados contundentes en el que sobresalga la participaci\u00f3n del PRD.<\/p>\n\n\n\n<figure class=\"wp-block-embed\"><div class=\"wp-block-embed__wrapper\">\n<div class=\"twitter-tweet\"><blockquote class=\"twitter-tweet\" data-lang=\"es\"><p lang=\"es\" dir=\"ltr\"><a href=\"https:\/\/twitter.com\/hashtag\/ENVIVO?src=hash&amp;ref_src=twsrc%5Etfw\">#ENVIVO<\/a><br>Oaxaca de Ju\u00e1rez, Oax.,. 26 de abril de 2022.- Conferencia de prensa de la dirigencia del Partido de la Revoluci\u00f3n Democr\u00e1tica en Oaxaca. <br>Aqu\u00ed la transmisi\u00f3n:<br>\ud83d\udc47<a href=\"https:\/\/t.co\/fg7egxhIqJ\">https:\/\/t.co\/fg7egxhIqJ<\/a> <a href=\"https:\/\/t.co\/JXcqsedCVc\">pic.twitter.com\/JXcqsedCVc<\/a><\/p>&mdash; Zona Roja Oaxaca (@ZonaRoja_Oaxaca) <a href=\"https:\/\/twitter.com\/ZonaRoja_Oaxaca\/status\/1519006091274825733?ref_src=twsrc%5Etfw\">26 de abril de 2022<\/a><\/blockquote><\/div>\n<\/div><\/figure>\n\n\n\n<p>Para lograrlo, apunt\u00f3, realizan campa\u00f1a en todo el estado, sumando a su paso la incorporaci\u00f3n de otras fuerzas de dirigentes de Morena, Nueva Alianza Oaxaca, del extinto Fuerza por M\u00e9xico como ha sido en la regi\u00f3n de la Cuenca, pero tambi\u00e9n se han fortalecido en el Istmo, Ca\u00f1ada, Costa y Mixteca.<\/p>\n\n\n\n<p>El partido conf\u00eda en el trabajo que se realiza en el proyecto de Avil\u00e9s \u00c1lvarez, quien va s\u00f3lo 10 o 12 puntos por debajo de su contrincante m\u00e1s cercano, Salom\u00f3n Jara de \u201cJuntos hacemos historia\u201d, pero quien a su vez ha restado empat\u00edas de l\u00edderes o ciudadanos que ahora se adhieren al PRD-PRI.<\/p>\n\n\n\n<p>La meta del \u201cSol Azteca\u201d es aportar 200 mil votos en la jornada, por lo que mantienen constantes reuniones con las dirigencias regionales, como ocurri\u00f3 este martes en la que estuvo presente el dirigente nacional, Jes\u00fas Zambrano, quien lleg\u00f3 a Oaxaca posterior a la conferencia de prensa.<\/p>\n","protected":false},"excerpt":{"rendered":"<p>Yuridiana Sosa\/Zona Roja.&nbsp; Oaxaca de Ju\u00e1rez, Oax., 26 de abril de 2022.- Camino a la&hellip;<\/p>\n","protected":false},"author":2,"featured_media":40448,"comment_status":"closed","ping_status":"open","sticky":false,"template":"","format":"standard","meta":{"_lmt_disableupdate":"","_lmt_disable":"","_jetpack_memberships_contains_paid_content":false,"footnotes":""},"categories":[109,46],"tags":[],"class_list":["post-40455","post","type-post","status-publish","format-standard","has-post-thumbnail","hentry","category-minuto-a-minuto","category-zona-blanca"],"jetpack_featured_media_url":"https:\/\/zonaroja.com.mx\/wp-content\/uploads\/2022\/04\/Conferencia-de-prensa-PRD.jpg","jetpack_sharing_enabled":true,"_links":{"self":[{"href":"https:\/\/zonaroja.com.mx\/index.php?rest_route=\/wp\/v2\/posts\/40455","targetHints":{"allow":["GET"]}}],"collection":[{"href":"https:\/\/zonaroja.com.mx\/index.php?rest_route=\/wp\/v2\/posts"}],"about":[{"href":"https:\/\/zonaroja.com.mx\/index.php?rest_route=\/wp\/v2\/types\/post"}],"author":[{"embeddable":true,"href":"https:\/\/zonaroja.com.mx\/index.php?rest_route=\/wp\/v2\/users\/2"}],"replies":[{"embeddable":true,"href":"https:\/\/zonaroja.com.mx\/index.php?rest_route=%2Fwp%2Fv2%2Fcomments&post=40455"}],"version-history":[{"count":1,"href":"https:\/\/zonaroja.com.mx\/index.php?rest_route=\/wp\/v2\/posts\/40455\/revisions"}],"predecessor-version":[{"id":40456,"href":"https:\/\/zonaroja.com.mx\/index.php?rest_route=\/wp\/v2\/posts\/40455\/revisions\/40456"}],"wp:featuredmedia":[{"embeddable":true,"href":"https:\/\/zonaroja.com.mx\/index.php?rest_route=\/wp\/v2\/media\/40448"}],"wp:attachment":[{"href":"https:\/\/zonaroja.com.mx\/index.php?rest_route=%2Fwp%2Fv2%2Fmedia&parent=40455"}],"wp:term":[{"taxonomy":"category","embeddable":true,"href":"https:\/\/zonaroja.com.mx\/index.php?rest_route=%2Fwp%2Fv2%2Fcategories&post=40455"},{"taxonomy":"post_tag","embeddable":true,"href":"https:\/\/zonaroja.com.mx\/index.php?rest_route=%2Fwp%2Fv2%2Ftags&post=40455"}],"curies":[{"name":"wp","href":"https:\/\/api.w.org\/{rel}","templated":true}]}}