{"id":40457,"date":"2022-04-26T20:27:53","date_gmt":"2022-04-27T01:27:53","guid":{"rendered":"http:\/\/www.zonaroja.com.mx\/?p=40457"},"modified":"2022-04-26T20:27:55","modified_gmt":"2022-04-27T01:27:55","slug":"amagan-triquis-con-incrementar-bloqueos-en-oaxaca-crece-pleito-mult-multi","status":"publish","type":"post","link":"https:\/\/zonaroja.com.mx\/?p=40457","title":{"rendered":"Amagan triquis con incrementar bloqueos en Oaxaca; crece pleito MULT-MULTI"},"content":{"rendered":"\n<p>Yuridiana Sosa\/Zona Roja.<\/p>\n\n\n\n<p>Oaxaca de Ju\u00e1rez, Oax., 26 de abril de 2022.- Ind\u00edgenas triquis de Oaxaca amagaron con intensificar sus protestas en el estado, para exigir que el Gobierno de la Ciudad de M\u00e9xico deje de hostigar a desplazados de Tierra Blanca Copala.<\/p>\n\n\n\n<p>En tanto, arreci\u00f3 la disputa entre el Movimiento de Unificaci\u00f3n y Lucha Triqui (MULT) y el MULTI, que se acusan mutuamente de bloquear la paz en la zona.<\/p>\n\n\n\n<p>Este martes, grupos de ind\u00edgenas se movilizaron en diferentes puntos de la regi\u00f3n Mixteca en rechazo al desalojo de habitantes de Tierra Blanca Copala, de Santiago Juxtlahuaca, que manten\u00edan un \u201cplant\u00f3n\u201d en la Ciudad de M\u00e9xico y para exigir condiciones para el retorno a sus comunidades.<\/p>\n\n\n\n<p>Ante el evento en la capital del pa\u00eds, un grupo de triquis inici\u00f3 un plant\u00f3n en oficinas de la Defensor\u00eda de Derechos Humanos del Pueblo de Oaxaca (DDHPO) y en conferencia de prensa denunci\u00f3 que sus compa\u00f1eros recibieron agresiones de los polic\u00edas capitalinos durante el desalojo de la madrugada del lunes y se encuentran en condiciones ajenas a las que se\u00f1ala el gobierno de la Ciudad de M\u00e9xico.<\/p>\n\n\n\n<figure class=\"wp-block-embed is-type-rich is-provider-twitter wp-block-embed-twitter\"><div class=\"wp-block-embed__wrapper\">\n<div class=\"twitter-tweet\"><blockquote class=\"twitter-tweet\" data-lang=\"es\"><p lang=\"es\" dir=\"ltr\">Oaxaca de Ju\u00e1rez, Oax., 26 de abril 2022.- Conferencia de prensa y \u201cplant\u00f3n\u201d de pobladores de San Juan Copala en la sede de la <a href=\"https:\/\/twitter.com\/DDHPO?ref_src=twsrc%5Etfw\">@DDHPO<\/a>, en apoyo a triquis desalojados de Tierra Blanca en la Ciudad de M\u00e9xico. <br>Aqu\u00ed la transmisi\u00f3n:<br>\ud83d\udc47<a href=\"https:\/\/t.co\/mIk1cSCa6e\">https:\/\/t.co\/mIk1cSCa6e<\/a><\/p>&mdash; Zona Roja Oaxaca (@ZonaRoja_Oaxaca) <a href=\"https:\/\/twitter.com\/ZonaRoja_Oaxaca\/status\/1518981939994062850?ref_src=twsrc%5Etfw\">26 de abril de 2022<\/a><\/blockquote><\/div>\n<\/div><\/figure>\n\n\n\n<p>Son unas 70 familias las que fueron retiradas en un operativo policial de la explanada del Palacio de Bellas Artes en la Ciudad de M\u00e9xico, en donde han permanecido en diferentes puntos desde hace m\u00e1s de un a\u00f1o para exigir al Gobierno federal acciones que permiten su retorno seguro a sus comunidades, luego de una serie de ataques armados que los orillaron a exiliarse.<\/p>\n\n\n\n<p>Mientras la propia jefe de Gobierno, Claudia Sheinbaum, se\u00f1al\u00f3 que fueron traslados a un refugio, principalmente para la protecci\u00f3n de los derechos de los infantes, la representaci\u00f3n Triqui en Oaxaca acusa que hay violaciones a sus derechos.<\/p>\n\n\n\n<p>En tanto, la dirigencia del Movimiento de Unificaci\u00f3n y Lucha Triqui (MULT), grupo contrario a los desplazados, se quej\u00f3 de la manifestaci\u00f3n que ind\u00edgenas de la naci\u00f3n triqui llevaron a cabo con el cierre de caminos.<\/p>\n\n\n\n<p>Por medio de un comunicado, el MULT se\u00f1al\u00f3 la instalaci\u00f3n del bloqueo de la carretera Juxtlahuaca-Huajuapan de Le\u00f3n y en el tramo de La Sabana-San Juan Copala; adem\u00e1s de 23 cierres de caminos a comunidades por parte de mujeres triquis, lo cual afecta seriamente al traslado de enfermos y abasto de alimentos.<\/p>\n\n\n\n<p>Por estos actos, la organizaci\u00f3n responsabiliz\u00f3 al l\u00edder Macario Garc\u00eda Merino, a quien se\u00f1al\u00f3 de actuar en conjunto con un grupo de hombres armados, por lo que demand\u00f3 la intervenci\u00f3n del gobierno de Oaxaca.<\/p>\n","protected":false},"excerpt":{"rendered":"<p>Yuridiana Sosa\/Zona Roja. Oaxaca de Ju\u00e1rez, Oax., 26 de abril de 2022.- Ind\u00edgenas triquis de&hellip;<\/p>\n","protected":false},"author":2,"featured_media":40451,"comment_status":"closed","ping_status":"open","sticky":false,"template":"","format":"standard","meta":{"_lmt_disableupdate":"","_lmt_disable":"","_jetpack_memberships_contains_paid_content":false,"footnotes":""},"categories":[109,47],"tags":[1712],"class_list":["post-40457","post","type-post","status-publish","format-standard","has-post-thumbnail","hentry","category-minuto-a-minuto","category-zona-gris","tag-tierra-blanca-copala"],"jetpack_featured_media_url":"https:\/\/zonaroja.com.mx\/wp-content\/uploads\/2022\/04\/Protesta-triquis-en-Defensoria-Derechos.jpg","jetpack_sharing_enabled":true,"_links":{"self":[{"href":"https:\/\/zonaroja.com.mx\/index.php?rest_route=\/wp\/v2\/posts\/40457","targetHints":{"allow":["GET"]}}],"collection":[{"href":"https:\/\/zonaroja.com.mx\/index.php?rest_route=\/wp\/v2\/posts"}],"about":[{"href":"https:\/\/zonaroja.com.mx\/index.php?rest_route=\/wp\/v2\/types\/post"}],"author":[{"embeddable":true,"href":"https:\/\/zonaroja.com.mx\/index.php?rest_route=\/wp\/v2\/users\/2"}],"replies":[{"embeddable":true,"href":"https:\/\/zonaroja.com.mx\/index.php?rest_route=%2Fwp%2Fv2%2Fcomments&post=40457"}],"version-history":[{"count":1,"href":"https:\/\/zonaroja.com.mx\/index.php?rest_route=\/wp\/v2\/posts\/40457\/revisions"}],"predecessor-version":[{"id":40458,"href":"https:\/\/zonaroja.com.mx\/index.php?rest_route=\/wp\/v2\/posts\/40457\/revisions\/40458"}],"wp:featuredmedia":[{"embeddable":true,"href":"https:\/\/zonaroja.com.mx\/index.php?rest_route=\/wp\/v2\/media\/40451"}],"wp:attachment":[{"href":"https:\/\/zonaroja.com.mx\/index.php?rest_route=%2Fwp%2Fv2%2Fmedia&parent=40457"}],"wp:term":[{"taxonomy":"category","embeddable":true,"href":"https:\/\/zonaroja.com.mx\/index.php?rest_route=%2Fwp%2Fv2%2Fcategories&post=40457"},{"taxonomy":"post_tag","embeddable":true,"href":"https:\/\/zonaroja.com.mx\/index.php?rest_route=%2Fwp%2Fv2%2Ftags&post=40457"}],"curies":[{"name":"wp","href":"https:\/\/api.w.org\/{rel}","templated":true}]}}