{"id":40464,"date":"2022-04-26T21:52:28","date_gmt":"2022-04-27T02:52:28","guid":{"rendered":"http:\/\/www.zonaroja.com.mx\/?p=40464"},"modified":"2022-04-26T21:52:30","modified_gmt":"2022-04-27T02:52:30","slug":"improcedente-reprogramar-el-primer-debate-a-la-gubernatura","status":"publish","type":"post","link":"https:\/\/zonaroja.com.mx\/?p=40464","title":{"rendered":"Improcedente reprogramar el primer debate a la gubernatura"},"content":{"rendered":"\n<p>Redacci\u00f3n\/Zona Roja.<\/p>\n\n\n\n<p>Oaxaca de Ju\u00e1rez, Oax., 26 de abril de 2022.- En sesi\u00f3n extraordinaria urgente, la Comisi\u00f3n Temporal de Comunicaci\u00f3n del Instituto Estatal Electoral y de Participaci\u00f3n Ciudadana de Oaxaca (IEEPCO), aprob\u00f3 el acuerdo IEEPCO-CTC-04\/2022, mediante el cual se determin\u00f3 que es improcedente la reprogramaci\u00f3n del primer debate a la gubernatura 2022.&nbsp; &nbsp;<\/p>\n\n\n\n<p>Lo anterior, en contestaci\u00f3n a las solicitudes que realizaron las candidatas y candidatos a la gubernatura de los partidos Acci\u00f3n Nacional, del Trabajo, Movimiento Ciudadano y Candidatura Independiente Ind\u00edgena, posterior a la cancelaci\u00f3n del debate del pasado domingo 24 de abril, ya que s\u00f3lo se presentaron, las candidaturas de Movimiento Ciudadano y&nbsp; Nueva Alianza Oaxaca al set televisivo, siendo esta \u00faltima quien manifest\u00f3 su disposici\u00f3n de debatir.&nbsp;<\/p>\n\n\n\n<p>Al respecto, el presidente de la Comisi\u00f3n Temporal de Comunicaci\u00f3n, Alejandro Carrasco Sampedro, mencion\u00f3 que se revisaron todos los aspectos t\u00e9cnicos y jur\u00eddicos para valorar la viabilidad de esta propuesta, que implicaba llevar a cabo diversas actividades que se realizaron a lo largo de m\u00e1s de 50 d\u00edas para la organizaci\u00f3n de los debates por parte del IEEPCO. &nbsp;<\/p>\n\n\n\n<p>\u201cEn primer t\u00e9rmino, resaltar que el instituto cumpli\u00f3 con todas y cada una de las actividades para organizar el debate, este se organiz\u00f3, ahora, conforme a la normatividad tendr\u00edan que realizarse -en cuatro d\u00edas- actividades que llevaron cerca de un mes realizarse\u201d, dijo.&nbsp;<\/p>\n\n\n\n<p>Detall\u00f3 que, de acuerdo con la normatividad, para la realizaci\u00f3n de los debates debe existir una alternancia de tiempo entre cada uno, no mayor a un mes, ni menor a quince d\u00edas, tiempo razonable para que la ciudadan\u00eda genere un juicio sobre los argumentos vertidos por las y los candidatos, sin que, por el transcurso del tiempo se pierda la secuencia de atenci\u00f3n a las manifestaciones de las candidaturas sobre los temas vertidos dentro del desarrollo del debate. &nbsp;<\/p>\n\n\n\n<p>\u201cEl segundo debate a la gubernatura, aprobado por la Comisi\u00f3n de Comunicaci\u00f3n, se realizar\u00e1 el pr\u00f3ximo domingo 15 de mayo, por lo que la fecha para organizar un nuevo debate que cumpla con lo dispuesto en el anexo t\u00e9cnico, tendr\u00eda como fecha l\u00edmite el s\u00e1bado 30 de abril de 2022, por lo tanto, es improcedente la realizaci\u00f3n por cuestiones de organizaci\u00f3n, operatividad y difusi\u00f3n\u201d, indic\u00f3.&nbsp;<\/p>\n\n\n\n<p>En su intervenci\u00f3n, la consejera electoral e integrante de la comisi\u00f3n, Nayma Enr\u00edquez Estrada, puntualiz\u00f3 que el \u00f3rgano electoral cumpli\u00f3 en tiempo y forma con todas y cada una de las actividades establecidas en la normatividad para la organizaci\u00f3n del Primer Debate a la gubernatura, destinando para ello todo lo necesario para cumplir el mandato en la organizaci\u00f3n, apeg\u00e1ndose a los principios rectores de certeza, legalidad, independencia, imparcialidad, m\u00e1xima publicidad y objetividad. &nbsp;<\/p>\n\n\n\n<p>\u201cEs material y jur\u00eddicamente inviable la reprogramaci\u00f3n del primer debate a la gubernatura, mismo que se cancel\u00f3 pese a que todo se encontraba listo para su realizaci\u00f3n debido a las decisiones tomadas por seis de las siete candidaturas quienes decidieron no participar\u201d, expres\u00f3 la consejera electoral Nayma Enr\u00edquez Estrada. &nbsp;<\/p>\n\n\n\n<p>En tanto, la consejera electoral e integrante de la comisi\u00f3n, Jessica Jazibe Hern\u00e1ndez Garc\u00eda se dirigi\u00f3 a la ciudadan\u00eda para explicarle por qu\u00e9 no se puede llevar acabo un tercer debate a la gubernatura, toda vez que es la m\u00e1s afectada en su derecho a la informaci\u00f3n a escuchar las diferentes propuestas, plataformas electorales y programas de gobierno que cada candidato y candidata.&nbsp;<\/p>\n\n\n\n<p>\u201cLa ciudadan\u00eda debe saber que las consejeras y los consejeros que conformamos esta Comisi\u00f3n tenemos que acatar la ley, porque as\u00ed nos lo mandatan los principios constitucionales en materia electoral, sin que ello signifique negarle al derecho que tiene la poblaci\u00f3n de poder contrastar las ideas y propuestas de las candidaturas\u201d, sentenci\u00f3. &nbsp;<\/p>\n\n\n\n<p>Por su parte, la consejera Carmelita Sibaja Ochoa, explic\u00f3 la normativa por la cual no procede la reprogramaci\u00f3n del debate y reconoci\u00f3 el trabajo realizado por el personal del IEEPCO y CORTV que estuvo listo para iniciar el ejercicio democr\u00e1tico en punto de las 18:00 horas, tras semanas de planeaci\u00f3n.&nbsp;<\/p>\n\n\n\n<p>\u201cNo podemos, por querer componer algo, descomponer otra cuesti\u00f3n atentado en contra del principio de legalidad, recordemos que el principio de legalidad establece que todas las autoridades deben hacer s\u00f3lo lo que la ley expresamente les faculta\u201d, sentenci\u00f3. &nbsp;<\/p>\n\n\n\n<p>A la improcedencia de la reprogramaci\u00f3n del primer debate a la gubernatura se sumaron los representantes de los Partidos Morena y Nueva Alianza de Oaxaca, quienes reconocieron el trabajo realizado por el Instituto para la organizaci\u00f3n del ejercicio democr\u00e1tico que lamentaron se haya cancelado.&nbsp; &nbsp;<\/p>\n\n\n\n<p>Las y el integrantes de la Comisi\u00f3n Temporal de Comunicaci\u00f3n coincidieron en la importancia del segundo debate, programado para el 15 de mayo, mismo que servir\u00e1 a la ciudadan\u00eda para escuchar las propuestas de las y los candidatos en temas como: Derecho Ind\u00edgenas y Afromexicanos, Migraci\u00f3n, as\u00ed como Combate a la Corrupci\u00f3n y Transparencia. &nbsp;<\/p>\n\n\n\n<p>En la sesi\u00f3n extraordinaria urgente que se celebr\u00f3 ese martes estuvieron presentes las consejeras electoral Carmelita Sibaja Ochoa y Zaira Alhel\u00ed Hip\u00f3lito L\u00f3pez; as\u00ed como la encargada de despacho de la Secretar\u00eda Ejecutiva, Monivet Shaley L\u00f3pez Garc\u00eda.&nbsp;<\/p>\n","protected":false},"excerpt":{"rendered":"<p>Redacci\u00f3n\/Zona Roja. Oaxaca de Ju\u00e1rez, Oax., 26 de abril de 2022.- En sesi\u00f3n extraordinaria urgente,&hellip;<\/p>\n","protected":false},"author":2,"featured_media":40465,"comment_status":"closed","ping_status":"open","sticky":false,"template":"","format":"standard","meta":{"_lmt_disableupdate":"","_lmt_disable":"","_jetpack_memberships_contains_paid_content":false,"footnotes":""},"categories":[109,46],"tags":[2932],"class_list":["post-40464","post","type-post","status-publish","format-standard","has-post-thumbnail","hentry","category-minuto-a-minuto","category-zona-blanca","tag-instituto-estatal-electoral-y-de-participacion-ciudadana-de-oaxaca-ieepco"],"jetpack_featured_media_url":"https:\/\/zonaroja.com.mx\/wp-content\/uploads\/2022\/04\/Sesion-virtual-consejo-general-IEEPCO.jpg","jetpack_sharing_enabled":true,"_links":{"self":[{"href":"https:\/\/zonaroja.com.mx\/index.php?rest_route=\/wp\/v2\/posts\/40464","targetHints":{"allow":["GET"]}}],"collection":[{"href":"https:\/\/zonaroja.com.mx\/index.php?rest_route=\/wp\/v2\/posts"}],"about":[{"href":"https:\/\/zonaroja.com.mx\/index.php?rest_route=\/wp\/v2\/types\/post"}],"author":[{"embeddable":true,"href":"https:\/\/zonaroja.com.mx\/index.php?rest_route=\/wp\/v2\/users\/2"}],"replies":[{"embeddable":true,"href":"https:\/\/zonaroja.com.mx\/index.php?rest_route=%2Fwp%2Fv2%2Fcomments&post=40464"}],"version-history":[{"count":1,"href":"https:\/\/zonaroja.com.mx\/index.php?rest_route=\/wp\/v2\/posts\/40464\/revisions"}],"predecessor-version":[{"id":40466,"href":"https:\/\/zonaroja.com.mx\/index.php?rest_route=\/wp\/v2\/posts\/40464\/revisions\/40466"}],"wp:featuredmedia":[{"embeddable":true,"href":"https:\/\/zonaroja.com.mx\/index.php?rest_route=\/wp\/v2\/media\/40465"}],"wp:attachment":[{"href":"https:\/\/zonaroja.com.mx\/index.php?rest_route=%2Fwp%2Fv2%2Fmedia&parent=40464"}],"wp:term":[{"taxonomy":"category","embeddable":true,"href":"https:\/\/zonaroja.com.mx\/index.php?rest_route=%2Fwp%2Fv2%2Fcategories&post=40464"},{"taxonomy":"post_tag","embeddable":true,"href":"https:\/\/zonaroja.com.mx\/index.php?rest_route=%2Fwp%2Fv2%2Ftags&post=40464"}],"curies":[{"name":"wp","href":"https:\/\/api.w.org\/{rel}","templated":true}]}}