{"id":40467,"date":"2022-04-26T22:27:51","date_gmt":"2022-04-27T03:27:51","guid":{"rendered":"http:\/\/www.zonaroja.com.mx\/?p=40467"},"modified":"2022-04-26T22:27:53","modified_gmt":"2022-04-27T03:27:53","slug":"acumula-oaxaca-un-segundo-dia-sin-decesos-por-covid-19","status":"publish","type":"post","link":"https:\/\/zonaroja.com.mx\/?p=40467","title":{"rendered":"Acumula Oaxaca un segundo d\u00eda sin decesos por Covid-19"},"content":{"rendered":"\n<p>Redacci\u00f3n\/Zona Roja.<\/p>\n\n\n\n<p>Oaxaca de Ju\u00e1rez, Oax. 26 de abril de 2022.- Los Servicios de Salud de Oaxaca (SSO), reportan que de acuerdo con el panorama estatal de Covid-19, este 26 de abril se notificaron 34 casos nuevos, sin defunciones, que suman 119 mil 826 positivos acumulados, mientras que la cifra de decesos se mantiene en seis mil 177.<\/p>\n\n\n\n<p>La dependencia indic\u00f3 que hay un total de 210 mil 189 notificaciones, de los cuales 84 mil 581 han sido negativos, cinco mil 782 son sospechosos y 113 mil 507 se han recuperado.<\/p>\n\n\n\n<p>Se identificaron 12 municipios con casos nuevos, 12 son de Valles Centrales, tres del Istmo, 15 de Tuxtepec, uno de la Costa y tres de la Mixteca.<\/p>\n\n\n\n<figure class=\"wp-block-embed is-type-rich is-provider-twitter wp-block-embed-twitter\"><div class=\"wp-block-embed__wrapper\">\n<div class=\"twitter-tweet\"><blockquote class=\"twitter-tweet\" data-lang=\"es\"><p lang=\"es\" dir=\"ltr\"><a href=\"https:\/\/twitter.com\/hashtag\/%C3%9AltimoMinuto?src=hash&amp;ref_src=twsrc%5Etfw\">#\u00daltimoMinuto<\/a><br>Este martes, Oaxaca registr\u00f3 34 contagios, 0 defunciones y 142 casos activos de Covid, informaron los Servicios de Salud.<br>A la fecha existen 119 mil 826 casos confirmados y 6 mil 177 defunciones.<br>Hay 4 nosocomios saturados y la ocupaci\u00f3n hospitalaria es de 7.5%. <a href=\"https:\/\/t.co\/z1I23klZGu\">pic.twitter.com\/z1I23klZGu<\/a><\/p>&mdash; Zona Roja Oaxaca (@ZonaRoja_Oaxaca) <a href=\"https:\/\/twitter.com\/ZonaRoja_Oaxaca\/status\/1519136117970378758?ref_src=twsrc%5Etfw\">27 de abril de 2022<\/a><\/blockquote><\/div>\n<\/div><\/figure>\n\n\n\n<p>De las localidades con m\u00e1s positivos notificados en las ultimas 24 horas, en primer lugar, se ubica San Juan Bautista Tuxtepec con 14 casos nuevos, Oaxaca de Ju\u00e1rez con cinco, San Pablo Etla con tres, el resto dos y uno.<\/p>\n\n\n\n<p>En cuanto a la pandemia activa, se tiene al corte de hoy 142 personas que cursan con la enfermedad en 31 municipios, de los cuales, 60 pertenecen a Tuxtepec, 39 a Valles Centrales, 28 al Istmo, siete a la Mixteca, seis a la Costa y dos a la Sierra.<\/p>\n\n\n\n<p>En esta jornada hay cuatro hospitales al 100% de ocupaci\u00f3n, con 26 camas ocupadas de un total de 346 y 320 disponibles, para un total de 92.5% de disponibilidad hospitalaria.<\/p>\n\n\n\n<p>La instituci\u00f3n exhorta a la poblaci\u00f3n en general, a guardar la sana distancia, usar el cubrebocas de forma correcta que cubra nariz, boca y ment\u00f3n, evitar los lugares aglomerados, concurridos o en interiores con poca ventilaci\u00f3n, adem\u00e1s de lavarse las manos con agua y jab\u00f3n.<\/p>\n","protected":false},"excerpt":{"rendered":"<p>Redacci\u00f3n\/Zona Roja. Oaxaca de Ju\u00e1rez, Oax. 26 de abril de 2022.- Los Servicios de Salud&hellip;<\/p>\n","protected":false},"author":2,"featured_media":40468,"comment_status":"closed","ping_status":"open","sticky":false,"template":"","format":"standard","meta":{"_lmt_disableupdate":"","_lmt_disable":"","_jetpack_memberships_contains_paid_content":false,"footnotes":""},"categories":[109,47],"tags":[1512],"class_list":["post-40467","post","type-post","status-publish","format-standard","has-post-thumbnail","hentry","category-minuto-a-minuto","category-zona-gris","tag-coronavirus-oaxaca"],"jetpack_featured_media_url":"https:\/\/zonaroja.com.mx\/wp-content\/uploads\/2022\/04\/Covid-26-de-abril-.jpg","jetpack_sharing_enabled":true,"_links":{"self":[{"href":"https:\/\/zonaroja.com.mx\/index.php?rest_route=\/wp\/v2\/posts\/40467","targetHints":{"allow":["GET"]}}],"collection":[{"href":"https:\/\/zonaroja.com.mx\/index.php?rest_route=\/wp\/v2\/posts"}],"about":[{"href":"https:\/\/zonaroja.com.mx\/index.php?rest_route=\/wp\/v2\/types\/post"}],"author":[{"embeddable":true,"href":"https:\/\/zonaroja.com.mx\/index.php?rest_route=\/wp\/v2\/users\/2"}],"replies":[{"embeddable":true,"href":"https:\/\/zonaroja.com.mx\/index.php?rest_route=%2Fwp%2Fv2%2Fcomments&post=40467"}],"version-history":[{"count":1,"href":"https:\/\/zonaroja.com.mx\/index.php?rest_route=\/wp\/v2\/posts\/40467\/revisions"}],"predecessor-version":[{"id":40469,"href":"https:\/\/zonaroja.com.mx\/index.php?rest_route=\/wp\/v2\/posts\/40467\/revisions\/40469"}],"wp:featuredmedia":[{"embeddable":true,"href":"https:\/\/zonaroja.com.mx\/index.php?rest_route=\/wp\/v2\/media\/40468"}],"wp:attachment":[{"href":"https:\/\/zonaroja.com.mx\/index.php?rest_route=%2Fwp%2Fv2%2Fmedia&parent=40467"}],"wp:term":[{"taxonomy":"category","embeddable":true,"href":"https:\/\/zonaroja.com.mx\/index.php?rest_route=%2Fwp%2Fv2%2Fcategories&post=40467"},{"taxonomy":"post_tag","embeddable":true,"href":"https:\/\/zonaroja.com.mx\/index.php?rest_route=%2Fwp%2Fv2%2Ftags&post=40467"}],"curies":[{"name":"wp","href":"https:\/\/api.w.org\/{rel}","templated":true}]}}