{"id":40476,"date":"2022-04-27T07:34:37","date_gmt":"2022-04-27T12:34:37","guid":{"rendered":"http:\/\/www.zonaroja.com.mx\/?p=40476"},"modified":"2022-04-27T07:34:38","modified_gmt":"2022-04-27T12:34:38","slug":"llevan-a-triquis-de-oaxaca-a-otro-albergue-en-la-cdmx","status":"publish","type":"post","link":"https:\/\/zonaroja.com.mx\/?p=40476","title":{"rendered":"Llevan a triquis de Oaxaca a otro albergue en la Cdmx"},"content":{"rendered":"\n<p>Redacci\u00f3n\/Zona Roja Cdmx.<\/p>\n\n\n\n<p>Ciudad de M\u00e9xico, 27 de abril de 2022.- Luego de m\u00e1s de 24 horas de acoso policiaco y tras ser desalojados de la avenida Ju\u00e1rez de la Ciudad de M\u00e9xico, ind\u00edgenas triquis de Tierra Blanca Copala, Oaxaca, fueron reubicados anoche a un segundo albergue.<\/p>\n\n\n\n<p>Fue la madrugada del lunes en que, tras 15 meses de \u201cplant\u00f3n\u201d en la capital del pa\u00eds, en que el Gobierno de la Ciudad de M\u00e9xico determin\u00f3 retirarlos sin violencia y trasladarlos a un albergue de la colonia Valle G\u00f3mez.<\/p>\n\n\n\n<p>Pero ello inconforme al grupo de oaxaque\u00f1os, que durante el d\u00eda de ayer efectuaron bloqueos y protestas; la jefa de Gobierno, Claudia Sheinbaum, culp\u00f3 al gobierno de esta entidad de no atender esta problem\u00e1tica.<\/p>\n\n\n\n<p>Finalmente, anoche, tras di\u00e1logos y resistencias,&nbsp;<\/p>\n\n\n\n<p>\u201cEst\u00e1bamos en un estacionamiento, no era un albergue y en la parte que est\u00e1bamos era el basurero de un mercado, por eso quisimos salir de ah\u00ed y no lo permitieron los polic\u00edas\u201d, hab\u00edan denunciado los triquis.<\/p>\n\n\n\n<p>Finalmente fueron trasladados a la Casa del Estudiante en la colonia Morelos, luego de lo cual los triquis se comprometieron a no efectuar m\u00e1s bloqueos.&nbsp;<\/p>\n\n\n\n<p>En tanto, ayer en conferencia, el secretario de Gobierno de la Cdmx, Mart\u00ed Batres, anim\u00f3 que la autoridad capitalina no permitir\u00e1 m\u00e1s \u201cplantones\u201d de la comunidad triqui.<\/p>\n\n\n\n<p>\u201cLo que s\u00ed queremos se\u00f1alar con toda claridad es que de ninguna manera se aceptar\u00e1 el regreso al \u2018plant\u00f3n\u2019 en avenida Ju\u00e1rez, de ninguna manera se va a aceptar que se bloquee avenida Ju\u00e1rez, el eje central u otras avenidas de la Ciudad de M\u00e9xico.&nbsp;<\/p>\n\n\n\n<p>\u201cSe pueden analizar otros puntos donde puedan instalarse las familias triquis, pero no se va a aceptar que haya un regreso del plant\u00f3n a la avenida Ju\u00e1rez, la calle no es un lugar para los ni\u00f1os y no vamos a aceptar que se ponga en riesgo a las ni\u00f1os y los ni\u00f1os\u201d, declar\u00f3.&nbsp;<\/p>\n\n\n\n<p>Dijo que la ciudad puede ser solidaria, pero no tiene las facultades para resolver el conflicto, corresponde al Gobierno de Oaxaca su atenci\u00f3n.&nbsp;<\/p>\n\n\n\n<p>\u00abNo obstante queda claro que no corresponde al gobierno de la Ciudad de M\u00e9xico la soluci\u00f3n de este conflicto, este es un conflicto que deben resolver las autoridades de Oaxaca. La ciudad, el gobierno de la ciudad no cuenta con facultades para resolver este conflicto\u201d, expuso Batres.&nbsp;<\/p>\n\n\n\n<p>(Con informaci\u00f3n de \u201cMilenio\u201d)<\/p>\n","protected":false},"excerpt":{"rendered":"<p>Redacci\u00f3n\/Zona Roja Cdmx. Ciudad de M\u00e9xico, 27 de abril de 2022.- Luego de m\u00e1s de&hellip;<\/p>\n","protected":false},"author":2,"featured_media":40477,"comment_status":"closed","ping_status":"open","sticky":false,"template":"","format":"standard","meta":{"_lmt_disableupdate":"","_lmt_disable":"","_jetpack_memberships_contains_paid_content":false,"footnotes":""},"categories":[109],"tags":[1712],"class_list":["post-40476","post","type-post","status-publish","format-standard","has-post-thumbnail","hentry","category-minuto-a-minuto","tag-tierra-blanca-copala"],"jetpack_featured_media_url":"https:\/\/zonaroja.com.mx\/wp-content\/uploads\/2022\/04\/Bloqueos-desplazados-Tierra-Blanca.jpg","jetpack_sharing_enabled":true,"_links":{"self":[{"href":"https:\/\/zonaroja.com.mx\/index.php?rest_route=\/wp\/v2\/posts\/40476","targetHints":{"allow":["GET"]}}],"collection":[{"href":"https:\/\/zonaroja.com.mx\/index.php?rest_route=\/wp\/v2\/posts"}],"about":[{"href":"https:\/\/zonaroja.com.mx\/index.php?rest_route=\/wp\/v2\/types\/post"}],"author":[{"embeddable":true,"href":"https:\/\/zonaroja.com.mx\/index.php?rest_route=\/wp\/v2\/users\/2"}],"replies":[{"embeddable":true,"href":"https:\/\/zonaroja.com.mx\/index.php?rest_route=%2Fwp%2Fv2%2Fcomments&post=40476"}],"version-history":[{"count":1,"href":"https:\/\/zonaroja.com.mx\/index.php?rest_route=\/wp\/v2\/posts\/40476\/revisions"}],"predecessor-version":[{"id":40478,"href":"https:\/\/zonaroja.com.mx\/index.php?rest_route=\/wp\/v2\/posts\/40476\/revisions\/40478"}],"wp:featuredmedia":[{"embeddable":true,"href":"https:\/\/zonaroja.com.mx\/index.php?rest_route=\/wp\/v2\/media\/40477"}],"wp:attachment":[{"href":"https:\/\/zonaroja.com.mx\/index.php?rest_route=%2Fwp%2Fv2%2Fmedia&parent=40476"}],"wp:term":[{"taxonomy":"category","embeddable":true,"href":"https:\/\/zonaroja.com.mx\/index.php?rest_route=%2Fwp%2Fv2%2Fcategories&post=40476"},{"taxonomy":"post_tag","embeddable":true,"href":"https:\/\/zonaroja.com.mx\/index.php?rest_route=%2Fwp%2Fv2%2Ftags&post=40476"}],"curies":[{"name":"wp","href":"https:\/\/api.w.org\/{rel}","templated":true}]}}