{"id":40481,"date":"2022-04-27T09:53:00","date_gmt":"2022-04-27T14:53:00","guid":{"rendered":"http:\/\/www.zonaroja.com.mx\/?p=40481"},"modified":"2022-04-27T07:58:21","modified_gmt":"2022-04-27T12:58:21","slug":"pandemia-de-covid-lejos-de-terminarse-dice-la-oms","status":"publish","type":"post","link":"https:\/\/zonaroja.com.mx\/?p=40481","title":{"rendered":"Pandemia de Covid, lejos de terminarse, dice la OMS"},"content":{"rendered":"\n<p>Redacci\u00f3n\/Zona Roja Cdmx.<\/p>\n\n\n\n<p>Ciudad de M\u00e9xico, 27 de abril de 2022.- El director de la Organizaci\u00f3n Mundial de la Salud (OMS) inst\u00f3 este martes a los pa\u00edses a mantener la vigilancia de las infecciones por coronavirus, afirmando que estamos \u00abciegos\u00bb ante la propagaci\u00f3n del virus debido a la disminuci\u00f3n de las tasas de an\u00e1lisis.<\/p>\n\n\n\n<p>A medida que muchos pa\u00edses reducen las pruebas, la OMS recibe cada vez menos informaci\u00f3n sobre la transmisi\u00f3n y la secuenciaci\u00f3n\u00bb, lament\u00f3 el director general, Tedros Adhanom Ghebreyesus, en una conferencia de prensa en la sede de la agencia de la ONU en Ginebra.<\/p>\n\n\n\n<p>Tedros advirti\u00f3 que esta situaci\u00f3n \u00abnos hace cada vez m\u00e1s ciegos a los patrones de transmisi\u00f3n y evoluci\u00f3n\u00bb del virus.<\/p>\n\n\n\n<p>El comit\u00e9 de urgencia de la OMS sobre el Covid-19 fue \u00abun\u00e1nime\u00bb hace unas semanas al estimar que no era \u00abel momento de bajar la guardia\u201d..<\/p>\n\n\n\n<p>Seg\u00fan este comit\u00e9, la pandemia a\u00fan es una emergencia sanitaria que genera preocupaci\u00f3n internacional.<\/p>\n\n\n\n<p>Pero a\u00fan as\u00ed, cada vez m\u00e1s pa\u00edses levantan total o parcialmente las restricciones sanitarias establecidas para controlar el virus.<\/p>\n\n\n\n<p>La situaci\u00f3n, con respecto al Covid-19, est\u00e1 lejos de terminarse, a\u00fan est\u00e1 muy activa la circulaci\u00f3n del virus, la mortalidad sigue siendo elevada y el virus evoluciona de manera imprevisible\u00bb, advirti\u00f3 el presidente del comit\u00e9, Didier Houssin.<\/p>\n\n\n\n<p>Houssin inst\u00f3 a los Estados miembros a \u00abrevisar sus pol\u00edticas nacionales, evaluar sus acciones y prepararse para nuevos esfuerzos\u201d.<\/p>\n\n\n\n<p>(Informaci\u00f3n de agencias y \u201cExc\u00e9lsior\u201d)<\/p>\n","protected":false},"excerpt":{"rendered":"<p>Redacci\u00f3n\/Zona Roja Cdmx. Ciudad de M\u00e9xico, 27 de abril de 2022.- El director de la&hellip;<\/p>\n","protected":false},"author":2,"featured_media":29982,"comment_status":"closed","ping_status":"open","sticky":false,"template":"","format":"standard","meta":{"_lmt_disableupdate":"","_lmt_disable":"","_jetpack_memberships_contains_paid_content":false,"footnotes":""},"categories":[109,47],"tags":[1510],"class_list":["post-40481","post","type-post","status-publish","format-standard","has-post-thumbnail","hentry","category-minuto-a-minuto","category-zona-gris","tag-coronavirus-pandemia-global"],"jetpack_featured_media_url":"https:\/\/zonaroja.com.mx\/wp-content\/uploads\/2021\/07\/Coronavirus-Mexico-hospitalizados.jpg","jetpack_sharing_enabled":true,"_links":{"self":[{"href":"https:\/\/zonaroja.com.mx\/index.php?rest_route=\/wp\/v2\/posts\/40481","targetHints":{"allow":["GET"]}}],"collection":[{"href":"https:\/\/zonaroja.com.mx\/index.php?rest_route=\/wp\/v2\/posts"}],"about":[{"href":"https:\/\/zonaroja.com.mx\/index.php?rest_route=\/wp\/v2\/types\/post"}],"author":[{"embeddable":true,"href":"https:\/\/zonaroja.com.mx\/index.php?rest_route=\/wp\/v2\/users\/2"}],"replies":[{"embeddable":true,"href":"https:\/\/zonaroja.com.mx\/index.php?rest_route=%2Fwp%2Fv2%2Fcomments&post=40481"}],"version-history":[{"count":1,"href":"https:\/\/zonaroja.com.mx\/index.php?rest_route=\/wp\/v2\/posts\/40481\/revisions"}],"predecessor-version":[{"id":40482,"href":"https:\/\/zonaroja.com.mx\/index.php?rest_route=\/wp\/v2\/posts\/40481\/revisions\/40482"}],"wp:featuredmedia":[{"embeddable":true,"href":"https:\/\/zonaroja.com.mx\/index.php?rest_route=\/wp\/v2\/media\/29982"}],"wp:attachment":[{"href":"https:\/\/zonaroja.com.mx\/index.php?rest_route=%2Fwp%2Fv2%2Fmedia&parent=40481"}],"wp:term":[{"taxonomy":"category","embeddable":true,"href":"https:\/\/zonaroja.com.mx\/index.php?rest_route=%2Fwp%2Fv2%2Fcategories&post=40481"},{"taxonomy":"post_tag","embeddable":true,"href":"https:\/\/zonaroja.com.mx\/index.php?rest_route=%2Fwp%2Fv2%2Ftags&post=40481"}],"curies":[{"name":"wp","href":"https:\/\/api.w.org\/{rel}","templated":true}]}}