{"id":40483,"date":"2022-04-27T07:56:59","date_gmt":"2022-04-27T12:56:59","guid":{"rendered":"http:\/\/www.zonaroja.com.mx\/?p=40483"},"modified":"2022-04-27T07:57:47","modified_gmt":"2022-04-27T12:57:47","slug":"no-habra-mas-semaforo-epidemiologico-de-covidy-mexico-se-queda-en-verde","status":"publish","type":"post","link":"https:\/\/zonaroja.com.mx\/?p=40483","title":{"rendered":"No habr\u00e1 m\u00e1s sem\u00e1foro epidemiol\u00f3gico de Covid y M\u00e9xico se queda en verde"},"content":{"rendered":"\n<p>Redacci\u00f3n\/Zona Roja Cdmx.<\/p>\n\n\n\n<p>Ciudad de M\u00e9xico, 27 de abril de 2022.- Despu\u00e9s de que el gobierno federal informara ayer martes 26 de abril que M\u00e9xico est\u00e1 en proceso de dejar la pandemia y avanzar al estado end\u00e9mico, la Secretar\u00eda de Salud explic\u00f3 que el Informe t\u00e9cnico de casos de Covid-19 ser\u00e1 emitido una vez a la semana.<\/p>\n\n\n\n<p>Las cifras oficiales sobre los contagios y muertes por esta enfermedad ser\u00e1n publicadas cada viernes, por lo que los datos de esta semana se conocer\u00e1n hasta este 29 de abril.<\/p>\n\n\n\n<p>A m\u00e1s de dos a\u00f1os de confirmarse el primer caso de coronavirus en M\u00e9xico, autoridades federales tambi\u00e9n decidieron poner fin a las conferencias que daba el subsecretario Hugo L\u00f3pez-Gatell cada martes en la \u2018ma\u00f1anera\u2019 para informar sobre el estado de la pandemia.<\/p>\n\n\n\n<p>Incluso, Salud ya no emitir\u00e1 el sem\u00e1foro epidemiol\u00f3gico de Covid-19. \u201cHemos decidido que el sem\u00e1foro de riesgo ya no se emitir\u00e1, este que est\u00e1 vigente termina el primero de mayo, ya no lo emitiremos\u201d, dijo L\u00f3pez Gatell.<\/p>\n\n\n\n<p>En su \u00faltimo anuncio, la dependencia determin\u00f3 que las 32 entidades federativas del pa\u00eds permanecer\u00edan en sem\u00e1foro verde, como resultado de la disminuci\u00f3n sostenida de casos de Covid-19.<\/p>\n\n\n\n<p>La semana epidemiol\u00f3gica n\u00famero 13 cerr\u00f3 con una reducci\u00f3n de 15 por ciento en el n\u00famero de casos estimados, en comparaci\u00f3n con la anterior.<\/p>\n\n\n\n<p>En los \u00faltimos 14 d\u00edas, 4 mil 387 personas reportaron signos y s\u00edntomas de Covid, es decir solo el 0.08 por ciento del total registrado desde el inicio de la pandemia.<\/p>\n\n\n\n<p>En la semana 16 de la epidemia, que abarca del 17 al 23 de abril, se registraron, en promedio, 292 casos de coronavirus por d\u00eda, una de las cifras m\u00e1s bajas en las \u00faltimas cinco semanas.<\/p>\n\n\n\n<p>\u201cLlevamos m\u00e1s de tres meses en donde tenemos una reducci\u00f3n invariante, cada vez se mantiene una cantidad de casos m\u00ednima\u201d, apunt\u00f3 el subsecretario de Salud, Hugo L\u00f3pez-Gatell.<\/p>\n\n\n\n<p>(Informaci\u00f3n de \u201cEl Financiero\u201d)<\/p>\n","protected":false},"excerpt":{"rendered":"<p>Redacci\u00f3n\/Zona Roja Cdmx. Ciudad de M\u00e9xico, 27 de abril de 2022.- Despu\u00e9s de que el&hellip;<\/p>\n","protected":false},"author":2,"featured_media":13052,"comment_status":"closed","ping_status":"open","sticky":false,"template":"","format":"standard","meta":{"_lmt_disableupdate":"","_lmt_disable":"","_jetpack_memberships_contains_paid_content":false,"footnotes":""},"categories":[109,47],"tags":[1328],"class_list":["post-40483","post","type-post","status-publish","format-standard","has-post-thumbnail","hentry","category-minuto-a-minuto","category-zona-gris","tag-coronavirus-mexico"],"jetpack_featured_media_url":"https:\/\/zonaroja.com.mx\/wp-content\/uploads\/2020\/05\/Coronavirus-M\u00e9xico-1.jpg","jetpack_sharing_enabled":true,"_links":{"self":[{"href":"https:\/\/zonaroja.com.mx\/index.php?rest_route=\/wp\/v2\/posts\/40483","targetHints":{"allow":["GET"]}}],"collection":[{"href":"https:\/\/zonaroja.com.mx\/index.php?rest_route=\/wp\/v2\/posts"}],"about":[{"href":"https:\/\/zonaroja.com.mx\/index.php?rest_route=\/wp\/v2\/types\/post"}],"author":[{"embeddable":true,"href":"https:\/\/zonaroja.com.mx\/index.php?rest_route=\/wp\/v2\/users\/2"}],"replies":[{"embeddable":true,"href":"https:\/\/zonaroja.com.mx\/index.php?rest_route=%2Fwp%2Fv2%2Fcomments&post=40483"}],"version-history":[{"count":2,"href":"https:\/\/zonaroja.com.mx\/index.php?rest_route=\/wp\/v2\/posts\/40483\/revisions"}],"predecessor-version":[{"id":40485,"href":"https:\/\/zonaroja.com.mx\/index.php?rest_route=\/wp\/v2\/posts\/40483\/revisions\/40485"}],"wp:featuredmedia":[{"embeddable":true,"href":"https:\/\/zonaroja.com.mx\/index.php?rest_route=\/wp\/v2\/media\/13052"}],"wp:attachment":[{"href":"https:\/\/zonaroja.com.mx\/index.php?rest_route=%2Fwp%2Fv2%2Fmedia&parent=40483"}],"wp:term":[{"taxonomy":"category","embeddable":true,"href":"https:\/\/zonaroja.com.mx\/index.php?rest_route=%2Fwp%2Fv2%2Fcategories&post=40483"},{"taxonomy":"post_tag","embeddable":true,"href":"https:\/\/zonaroja.com.mx\/index.php?rest_route=%2Fwp%2Fv2%2Ftags&post=40483"}],"curies":[{"name":"wp","href":"https:\/\/api.w.org\/{rel}","templated":true}]}}