{"id":40486,"date":"2022-04-27T08:01:34","date_gmt":"2022-04-27T13:01:34","guid":{"rendered":"http:\/\/www.zonaroja.com.mx\/?p=40486"},"modified":"2022-04-27T08:01:35","modified_gmt":"2022-04-27T13:01:35","slug":"inaugura-poder-judicial-exposicion-una-mirada-artistica-a-los-derechos-humanos","status":"publish","type":"post","link":"https:\/\/zonaroja.com.mx\/?p=40486","title":{"rendered":"Inaugura Poder Judicial exposici\u00f3n \u201cUna mirada art\u00edstica a los derechos humanos\u201d"},"content":{"rendered":"\n<p>Redacci\u00f3n\/Zona Roja.<\/p>\n\n\n\n<p>Oaxaca de Ju\u00e1rez, Oax., 27 de abril de 2022.- Como parte de las actividades encaminadas a la difusi\u00f3n y promoci\u00f3n de los Derechos Humanos, el Poder Judicial del Estado abri\u00f3&nbsp;al p\u00fablico&nbsp;la exposici\u00f3n&nbsp;itinerante en sedes judiciales&nbsp;\u201cUna mirada art\u00edstica a los derechos humanos\u201d,&nbsp;que re\u00fane 30 piezas art\u00edsticas de obras&nbsp;que han ilustrado las ediciones mensuales del Bolet\u00edn: Derechos Humanos, G\u00e9nero y Justicia, as\u00ed como las colecciones G\u00e9nero y Derechos Humanos, Derechos Humanos y Pluralismo Jur\u00eddico y T\u00f3picos en Derechos Humanos.<\/p>\n\n\n\n<p>Durante el acto inaugural&nbsp;de la muestra que inicia su recorrido en el edificio&nbsp;emblem\u00e1tico&nbsp;de los&nbsp;Juzgados Civiles y Familiares&nbsp;del Centro,&nbsp;en el barrio del Ex Marquesado,&nbsp;el presidente del Tribunal Superior de Justicia y del Consejo de la Judicatura, magistrado Eduardo Pinacho S\u00e1nchez resalt\u00f3 que&nbsp;se&nbsp;crea un&nbsp;espacio&nbsp;a&nbsp;la libertad art\u00edstica como medio para acercar los Derechos Humanos a la sociedad.<\/p>\n\n\n\n<p>\u201cEsta&nbsp;muestra&nbsp;colectiva&nbsp;es un reflejo de una nueva \u00e9poca en la impartici\u00f3n de justicia, en la que destaca la asimilaci\u00f3n de nuevos c\u00e1nones en la pr\u00e1ctica judicial, como el pluralismo jur\u00eddico, la perspectiva de g\u00e9nero y los derechos de las ni\u00f1as, ni\u00f1os y adolescentes. A trav\u00e9s de arte podemos establecer un di\u00e1logo\u201d, afirm\u00f3&nbsp;en presencia de juezas, jueces y los autores de las fotograf\u00edas, im\u00e1genes y pinturas.&nbsp;<\/p>\n\n\n\n<p>Acompa\u00f1ado de la directora de&nbsp;Derechos Humanos,&nbsp;maestra&nbsp;NidiaSoledad&nbsp;Mart\u00ednez Esteva, \u00e1rea encargada de organizar la exposici\u00f3n y del&nbsp;secretario Ejecutivo&nbsp;del Consejo de la Judicatura, Licenciado Jes\u00fas Ezequiel Garc\u00eda L\u00f3pez,&nbsp;agradeci\u00f3 la participaci\u00f3n de las y los artistas pl\u00e1sticos y fot\u00f3grafos que han sido parte de los proyectos para fortalecer el conocimiento jur\u00eddico en Oaxaca y sumarse a la discusi\u00f3n de temas fundamentales para el&nbsp;derecho y la justicia en M\u00e9xico.<\/p>\n\n\n\n<p>En la ceremonia,&nbsp;el director de la Casa de la Cultura Oaxaque\u00f1a, licenciado Jes\u00fas Emilio de Leo Blanco&nbsp;luego de resaltar&nbsp;la importancia de la diversidad cultural del estado, felicit\u00f3 al Poder Judicial por esta iniciativa&nbsp;e invit\u00f3&nbsp;a&nbsp;sociedad&nbsp;a disfrutar de&nbsp;la muestra&nbsp;que forma parte del esp\u00edritu humanista inmanente a la actuaci\u00f3n judicial.&nbsp;<\/p>\n\n\n\n<p>La exposici\u00f3n&nbsp;\u201cUna mirada art\u00edstica a los derechos humanos\u201d,permanecer\u00e1&nbsp;abierta al p\u00fablico en general&nbsp;hasta el&nbsp;25 de mayo del a\u00f1o en curso en un horario de 9:00 a 16:00 horas en los&nbsp;Juzgados Civiles y Familiares&nbsp;del centro ubicados en la segunda privada de divisi\u00f3n oriente 618, Santa Mar\u00eda del Marquesado, Oaxaca. &nbsp;<\/p>\n","protected":false},"excerpt":{"rendered":"<p>Redacci\u00f3n\/Zona Roja. Oaxaca de Ju\u00e1rez, Oax., 27 de abril de 2022.- Como parte de las&hellip;<\/p>\n","protected":false},"author":2,"featured_media":40487,"comment_status":"closed","ping_status":"open","sticky":false,"template":"","format":"standard","meta":{"_lmt_disableupdate":"","_lmt_disable":"","_jetpack_memberships_contains_paid_content":false,"footnotes":""},"categories":[109,46],"tags":[223],"class_list":["post-40486","post","type-post","status-publish","format-standard","has-post-thumbnail","hentry","category-minuto-a-minuto","category-zona-blanca","tag-poder-judicial-de-oaxaca"],"jetpack_featured_media_url":"https:\/\/zonaroja.com.mx\/wp-content\/uploads\/2022\/04\/Exposicion-Poder-Judicial.jpg","jetpack_sharing_enabled":true,"_links":{"self":[{"href":"https:\/\/zonaroja.com.mx\/index.php?rest_route=\/wp\/v2\/posts\/40486","targetHints":{"allow":["GET"]}}],"collection":[{"href":"https:\/\/zonaroja.com.mx\/index.php?rest_route=\/wp\/v2\/posts"}],"about":[{"href":"https:\/\/zonaroja.com.mx\/index.php?rest_route=\/wp\/v2\/types\/post"}],"author":[{"embeddable":true,"href":"https:\/\/zonaroja.com.mx\/index.php?rest_route=\/wp\/v2\/users\/2"}],"replies":[{"embeddable":true,"href":"https:\/\/zonaroja.com.mx\/index.php?rest_route=%2Fwp%2Fv2%2Fcomments&post=40486"}],"version-history":[{"count":1,"href":"https:\/\/zonaroja.com.mx\/index.php?rest_route=\/wp\/v2\/posts\/40486\/revisions"}],"predecessor-version":[{"id":40488,"href":"https:\/\/zonaroja.com.mx\/index.php?rest_route=\/wp\/v2\/posts\/40486\/revisions\/40488"}],"wp:featuredmedia":[{"embeddable":true,"href":"https:\/\/zonaroja.com.mx\/index.php?rest_route=\/wp\/v2\/media\/40487"}],"wp:attachment":[{"href":"https:\/\/zonaroja.com.mx\/index.php?rest_route=%2Fwp%2Fv2%2Fmedia&parent=40486"}],"wp:term":[{"taxonomy":"category","embeddable":true,"href":"https:\/\/zonaroja.com.mx\/index.php?rest_route=%2Fwp%2Fv2%2Fcategories&post=40486"},{"taxonomy":"post_tag","embeddable":true,"href":"https:\/\/zonaroja.com.mx\/index.php?rest_route=%2Fwp%2Fv2%2Ftags&post=40486"}],"curies":[{"name":"wp","href":"https:\/\/api.w.org\/{rel}","templated":true}]}}